{"id":73,"date":"2022-02-07T12:16:57","date_gmt":"2022-02-07T12:16:57","guid":{"rendered":"https:\/\/latribuexploradora.valnaloneduca.com\/santodomingo2021-22\/?p=73"},"modified":"2022-02-07T12:42:01","modified_gmt":"2022-02-07T12:42:01","slug":"los-barrigolos-y-los-ods-celebrando-el-dia-de-la-paz","status":"publish","type":"post","link":"https:\/\/latribuexploradora.valnaloneduca.com\/santodomingo2021-22\/2022\/02\/07\/los-barrigolos-y-los-ods-celebrando-el-dia-de-la-paz\/","title":{"rendered":"Los Barrigolos y los ODS. Celebrando el d\u00eda de La Paz"},"content":{"rendered":"<p>En la Tribu de los Barrigolos estamos muy concienciados con ayudar a conseguir los <a href=\"https:\/\/www.un.org\/sustainabledevelopment\/es\/objetivos-de-desarrollo-sostenible\/\" target=\"_blank\" rel=\"noopener\">Objetivos de Desarrollo Sostenible.<\/a> Nos parece muy importante que en la medida que casa uno\/a pueda debe contribuir a ayudar.<\/p>\n<p>As\u00ed que con la ayuda de nuestra profe Laura, estuvimos recordando qu\u00e9 son y en qu\u00e9 cosas podemos contribuir nosotro\/as.<\/p>\n<p>Estuvimos jugando al Rosco de Paz A Palabra, entre todo\/as ten\u00edamos que conseguir el m\u00e1ximos n\u00famero de aciertos.<\/p>\n<div id='gallery-1' class='gallery galleryid-73 gallery-columns-4 gallery-size-medium'><figure class='gallery-item'>\n\t\t\t<div class='gallery-icon landscape'>\n\t\t\t\t<a href='https:\/\/latribuexploradora.valnaloneduca.com\/santodomingo2021-22\/2022\/02\/07\/los-barrigolos-y-los-ods-celebrando-el-dia-de-la-paz\/photo-2022-02-07-09-06-53\/'><img loading=\"lazy\" decoding=\"async\" width=\"300\" height=\"225\" src=\"https:\/\/latribuexploradora.valnaloneduca.com\/santodomingo2021-22\/wp-content\/uploads\/sites\/27\/2022\/02\/PHOTO-2022-02-07-09-06-53-300x225.jpg\" class=\"attachment-medium size-medium\" alt=\"\" srcset=\"https:\/\/latribuexploradora.valnaloneduca.com\/santodomingo2021-22\/wp-content\/uploads\/sites\/27\/2022\/02\/PHOTO-2022-02-07-09-06-53-300x225.jpg 300w, https:\/\/latribuexploradora.valnaloneduca.com\/santodomingo2021-22\/wp-content\/uploads\/sites\/27\/2022\/02\/PHOTO-2022-02-07-09-06-53-1024x768.jpg 1024w, https:\/\/latribuexploradora.valnaloneduca.com\/santodomingo2021-22\/wp-content\/uploads\/sites\/27\/2022\/02\/PHOTO-2022-02-07-09-06-53-768x576.jpg 768w, https:\/\/latribuexploradora.valnaloneduca.com\/santodomingo2021-22\/wp-content\/uploads\/sites\/27\/2022\/02\/PHOTO-2022-02-07-09-06-53-1536x1152.jpg 1536w, https:\/\/latribuexploradora.valnaloneduca.com\/santodomingo2021-22\/wp-content\/uploads\/sites\/27\/2022\/02\/PHOTO-2022-02-07-09-06-53-1200x900.jpg 1200w, https:\/\/latribuexploradora.valnaloneduca.com\/santodomingo2021-22\/wp-content\/uploads\/sites\/27\/2022\/02\/PHOTO-2022-02-07-09-06-53.jpg 2048w\" sizes=\"(max-width: 300px) 85vw, 300px\" \/><\/a>\n\t\t\t<\/div><\/figure><figure class='gallery-item'>\n\t\t\t<div class='gallery-icon landscape'>\n\t\t\t\t<a href='https:\/\/latribuexploradora.valnaloneduca.com\/santodomingo2021-22\/2022\/02\/07\/los-barrigolos-y-los-ods-celebrando-el-dia-de-la-paz\/photo-2022-02-07-09-06-53-5\/'><img loading=\"lazy\" decoding=\"async\" width=\"300\" height=\"225\" src=\"https:\/\/latribuexploradora.valnaloneduca.com\/santodomingo2021-22\/wp-content\/uploads\/sites\/27\/2022\/02\/PHOTO-2022-02-07-09-06-53-5-300x225.jpg\" class=\"attachment-medium size-medium\" alt=\"\" srcset=\"https:\/\/latribuexploradora.valnaloneduca.com\/santodomingo2021-22\/wp-content\/uploads\/sites\/27\/2022\/02\/PHOTO-2022-02-07-09-06-53-5-300x225.jpg 300w, https:\/\/latribuexploradora.valnaloneduca.com\/santodomingo2021-22\/wp-content\/uploads\/sites\/27\/2022\/02\/PHOTO-2022-02-07-09-06-53-5-1024x768.jpg 1024w, https:\/\/latribuexploradora.valnaloneduca.com\/santodomingo2021-22\/wp-content\/uploads\/sites\/27\/2022\/02\/PHOTO-2022-02-07-09-06-53-5-768x576.jpg 768w, https:\/\/latribuexploradora.valnaloneduca.com\/santodomingo2021-22\/wp-content\/uploads\/sites\/27\/2022\/02\/PHOTO-2022-02-07-09-06-53-5-1536x1152.jpg 1536w, https:\/\/latribuexploradora.valnaloneduca.com\/santodomingo2021-22\/wp-content\/uploads\/sites\/27\/2022\/02\/PHOTO-2022-02-07-09-06-53-5-1200x900.jpg 1200w, https:\/\/latribuexploradora.valnaloneduca.com\/santodomingo2021-22\/wp-content\/uploads\/sites\/27\/2022\/02\/PHOTO-2022-02-07-09-06-53-5.jpg 2048w\" sizes=\"(max-width: 300px) 85vw, 300px\" \/><\/a>\n\t\t\t<\/div><\/figure><figure class='gallery-item'>\n\t\t\t<div class='gallery-icon landscape'>\n\t\t\t\t<a href='https:\/\/latribuexploradora.valnaloneduca.com\/santodomingo2021-22\/2022\/02\/07\/los-barrigolos-y-los-ods-celebrando-el-dia-de-la-paz\/photo-2022-02-07-09-06-53-4\/'><img loading=\"lazy\" decoding=\"async\" width=\"300\" height=\"225\" src=\"https:\/\/latribuexploradora.valnaloneduca.com\/santodomingo2021-22\/wp-content\/uploads\/sites\/27\/2022\/02\/PHOTO-2022-02-07-09-06-53-4-300x225.jpg\" class=\"attachment-medium size-medium\" alt=\"\" srcset=\"https:\/\/latribuexploradora.valnaloneduca.com\/santodomingo2021-22\/wp-content\/uploads\/sites\/27\/2022\/02\/PHOTO-2022-02-07-09-06-53-4-300x225.jpg 300w, https:\/\/latribuexploradora.valnaloneduca.com\/santodomingo2021-22\/wp-content\/uploads\/sites\/27\/2022\/02\/PHOTO-2022-02-07-09-06-53-4-1024x768.jpg 1024w, https:\/\/latribuexploradora.valnaloneduca.com\/santodomingo2021-22\/wp-content\/uploads\/sites\/27\/2022\/02\/PHOTO-2022-02-07-09-06-53-4-768x576.jpg 768w, https:\/\/latribuexploradora.valnaloneduca.com\/santodomingo2021-22\/wp-content\/uploads\/sites\/27\/2022\/02\/PHOTO-2022-02-07-09-06-53-4-1536x1152.jpg 1536w, https:\/\/latribuexploradora.valnaloneduca.com\/santodomingo2021-22\/wp-content\/uploads\/sites\/27\/2022\/02\/PHOTO-2022-02-07-09-06-53-4-1200x900.jpg 1200w, https:\/\/latribuexploradora.valnaloneduca.com\/santodomingo2021-22\/wp-content\/uploads\/sites\/27\/2022\/02\/PHOTO-2022-02-07-09-06-53-4.jpg 2048w\" sizes=\"(max-width: 300px) 85vw, 300px\" \/><\/a>\n\t\t\t<\/div><\/figure><figure class='gallery-item'>\n\t\t\t<div class='gallery-icon landscape'>\n\t\t\t\t<a href='https:\/\/latribuexploradora.valnaloneduca.com\/santodomingo2021-22\/2022\/02\/07\/los-barrigolos-y-los-ods-celebrando-el-dia-de-la-paz\/photo-2022-02-07-09-06-53-3\/'><img loading=\"lazy\" decoding=\"async\" width=\"300\" height=\"225\" src=\"https:\/\/latribuexploradora.valnaloneduca.com\/santodomingo2021-22\/wp-content\/uploads\/sites\/27\/2022\/02\/PHOTO-2022-02-07-09-06-53-3-300x225.jpg\" class=\"attachment-medium size-medium\" alt=\"\" srcset=\"https:\/\/latribuexploradora.valnaloneduca.com\/santodomingo2021-22\/wp-content\/uploads\/sites\/27\/2022\/02\/PHOTO-2022-02-07-09-06-53-3-300x225.jpg 300w, https:\/\/latribuexploradora.valnaloneduca.com\/santodomingo2021-22\/wp-content\/uploads\/sites\/27\/2022\/02\/PHOTO-2022-02-07-09-06-53-3-1024x768.jpg 1024w, https:\/\/latribuexploradora.valnaloneduca.com\/santodomingo2021-22\/wp-content\/uploads\/sites\/27\/2022\/02\/PHOTO-2022-02-07-09-06-53-3-768x576.jpg 768w, https:\/\/latribuexploradora.valnaloneduca.com\/santodomingo2021-22\/wp-content\/uploads\/sites\/27\/2022\/02\/PHOTO-2022-02-07-09-06-53-3-1536x1152.jpg 1536w, https:\/\/latribuexploradora.valnaloneduca.com\/santodomingo2021-22\/wp-content\/uploads\/sites\/27\/2022\/02\/PHOTO-2022-02-07-09-06-53-3-1200x900.jpg 1200w, https:\/\/latribuexploradora.valnaloneduca.com\/santodomingo2021-22\/wp-content\/uploads\/sites\/27\/2022\/02\/PHOTO-2022-02-07-09-06-53-3.jpg 2048w\" sizes=\"(max-width: 300px) 85vw, 300px\" \/><\/a>\n\t\t\t<\/div><\/figure><figure class='gallery-item'>\n\t\t\t<div class='gallery-icon landscape'>\n\t\t\t\t<a href='https:\/\/latribuexploradora.valnaloneduca.com\/santodomingo2021-22\/2022\/02\/07\/los-barrigolos-y-los-ods-celebrando-el-dia-de-la-paz\/photo-2022-02-07-09-06-53-2\/'><img loading=\"lazy\" decoding=\"async\" width=\"300\" height=\"225\" src=\"https:\/\/latribuexploradora.valnaloneduca.com\/santodomingo2021-22\/wp-content\/uploads\/sites\/27\/2022\/02\/PHOTO-2022-02-07-09-06-53-2-300x225.jpg\" class=\"attachment-medium size-medium\" alt=\"\" srcset=\"https:\/\/latribuexploradora.valnaloneduca.com\/santodomingo2021-22\/wp-content\/uploads\/sites\/27\/2022\/02\/PHOTO-2022-02-07-09-06-53-2-300x225.jpg 300w, https:\/\/latribuexploradora.valnaloneduca.com\/santodomingo2021-22\/wp-content\/uploads\/sites\/27\/2022\/02\/PHOTO-2022-02-07-09-06-53-2-1024x768.jpg 1024w, https:\/\/latribuexploradora.valnaloneduca.com\/santodomingo2021-22\/wp-content\/uploads\/sites\/27\/2022\/02\/PHOTO-2022-02-07-09-06-53-2-768x576.jpg 768w, https:\/\/latribuexploradora.valnaloneduca.com\/santodomingo2021-22\/wp-content\/uploads\/sites\/27\/2022\/02\/PHOTO-2022-02-07-09-06-53-2-1536x1152.jpg 1536w, https:\/\/latribuexploradora.valnaloneduca.com\/santodomingo2021-22\/wp-content\/uploads\/sites\/27\/2022\/02\/PHOTO-2022-02-07-09-06-53-2-1200x900.jpg 1200w, https:\/\/latribuexploradora.valnaloneduca.com\/santodomingo2021-22\/wp-content\/uploads\/sites\/27\/2022\/02\/PHOTO-2022-02-07-09-06-53-2.jpg 2048w\" sizes=\"(max-width: 300px) 85vw, 300px\" \/><\/a>\n\t\t\t<\/div><\/figure><figure class='gallery-item'>\n\t\t\t<div class='gallery-icon landscape'>\n\t\t\t\t<a href='https:\/\/latribuexploradora.valnaloneduca.com\/santodomingo2021-22\/2022\/02\/07\/los-barrigolos-y-los-ods-celebrando-el-dia-de-la-paz\/photo-2022-02-07-09-06-53-1\/'><img loading=\"lazy\" decoding=\"async\" width=\"300\" height=\"225\" src=\"https:\/\/latribuexploradora.valnaloneduca.com\/santodomingo2021-22\/wp-content\/uploads\/sites\/27\/2022\/02\/PHOTO-2022-02-07-09-06-53-1-300x225.jpg\" class=\"attachment-medium size-medium\" alt=\"\" srcset=\"https:\/\/latribuexploradora.valnaloneduca.com\/santodomingo2021-22\/wp-content\/uploads\/sites\/27\/2022\/02\/PHOTO-2022-02-07-09-06-53-1-300x225.jpg 300w, https:\/\/latribuexploradora.valnaloneduca.com\/santodomingo2021-22\/wp-content\/uploads\/sites\/27\/2022\/02\/PHOTO-2022-02-07-09-06-53-1-1024x768.jpg 1024w, https:\/\/latribuexploradora.valnaloneduca.com\/santodomingo2021-22\/wp-content\/uploads\/sites\/27\/2022\/02\/PHOTO-2022-02-07-09-06-53-1-768x576.jpg 768w, https:\/\/latribuexploradora.valnaloneduca.com\/santodomingo2021-22\/wp-content\/uploads\/sites\/27\/2022\/02\/PHOTO-2022-02-07-09-06-53-1-1536x1152.jpg 1536w, https:\/\/latribuexploradora.valnaloneduca.com\/santodomingo2021-22\/wp-content\/uploads\/sites\/27\/2022\/02\/PHOTO-2022-02-07-09-06-53-1-1200x900.jpg 1200w, https:\/\/latribuexploradora.valnaloneduca.com\/santodomingo2021-22\/wp-content\/uploads\/sites\/27\/2022\/02\/PHOTO-2022-02-07-09-06-53-1.jpg 2048w\" sizes=\"(max-width: 300px) 85vw, 300px\" \/><\/a>\n\t\t\t<\/div><\/figure><figure class='gallery-item'>\n\t\t\t<div class='gallery-icon landscape'>\n\t\t\t\t<a href='https:\/\/latribuexploradora.valnaloneduca.com\/santodomingo2021-22\/2022\/02\/07\/los-barrigolos-y-los-ods-celebrando-el-dia-de-la-paz\/photo-2022-02-07-09-06-52\/'><img loading=\"lazy\" decoding=\"async\" width=\"300\" height=\"225\" src=\"https:\/\/latribuexploradora.valnaloneduca.com\/santodomingo2021-22\/wp-content\/uploads\/sites\/27\/2022\/02\/PHOTO-2022-02-07-09-06-52-300x225.jpg\" class=\"attachment-medium size-medium\" alt=\"\" srcset=\"https:\/\/latribuexploradora.valnaloneduca.com\/santodomingo2021-22\/wp-content\/uploads\/sites\/27\/2022\/02\/PHOTO-2022-02-07-09-06-52-300x225.jpg 300w, https:\/\/latribuexploradora.valnaloneduca.com\/santodomingo2021-22\/wp-content\/uploads\/sites\/27\/2022\/02\/PHOTO-2022-02-07-09-06-52-1024x768.jpg 1024w, https:\/\/latribuexploradora.valnaloneduca.com\/santodomingo2021-22\/wp-content\/uploads\/sites\/27\/2022\/02\/PHOTO-2022-02-07-09-06-52-768x576.jpg 768w, https:\/\/latribuexploradora.valnaloneduca.com\/santodomingo2021-22\/wp-content\/uploads\/sites\/27\/2022\/02\/PHOTO-2022-02-07-09-06-52-1536x1152.jpg 1536w, https:\/\/latribuexploradora.valnaloneduca.com\/santodomingo2021-22\/wp-content\/uploads\/sites\/27\/2022\/02\/PHOTO-2022-02-07-09-06-52-1200x900.jpg 1200w, https:\/\/latribuexploradora.valnaloneduca.com\/santodomingo2021-22\/wp-content\/uploads\/sites\/27\/2022\/02\/PHOTO-2022-02-07-09-06-52.jpg 2048w\" sizes=\"(max-width: 300px) 85vw, 300px\" \/><\/a>\n\t\t\t<\/div><\/figure>\n\t\t<\/div>\n\n<p>Ten\u00edamos que acertar de cada uno de los Objetivos de Desarrollo Sostenible la palabra oculta, por ejemplo cu\u00e1l era el s\u00edmbolo de la paz, una energ\u00eda limpia&#8230; Lo hicimos muy bien, pero m\u00e1s importante es que tambi\u00e9n lo pasamos muy bien.<\/p>\n<p>Al ser <a href=\"https:\/\/www.unicef.es\/educa\/dias-mundiales\/dia-escolar-no-violencia-paz\" target=\"_blank\" rel=\"noopener\">d\u00eda de la Paz<\/a> estuvimos hablando especialmente del <a href=\"https:\/\/www.un.org\/sustainabledevelopment\/es\/peace-justice\/\" target=\"_blank\" rel=\"noopener\">Objetivo 16: Promover sociedades justas, pac\u00edficas e inclusivas.<\/a> Y reflexionamos sobre qu\u00e9 valores deber\u00edamos reforzar en el cole para ayudar a conseguirlo. As\u00ed que los escribimos en globos blanco y los pusimos en la valla para compartirlos con nuestros compa\u00f1ero\/as del cole.<\/p>\n<p><img loading=\"lazy\" decoding=\"async\" class=\" wp-image-74 aligncenter\" src=\"http:\/\/latribuexploradora.valnaloneduca.com\/santodomingo2021-22\/wp-content\/uploads\/sites\/27\/2022\/02\/PHOTO-2022-02-07-09-06-52-1-300x225.jpg\" alt=\"\" width=\"431\" height=\"323\" srcset=\"https:\/\/latribuexploradora.valnaloneduca.com\/santodomingo2021-22\/wp-content\/uploads\/sites\/27\/2022\/02\/PHOTO-2022-02-07-09-06-52-1-300x225.jpg 300w, https:\/\/latribuexploradora.valnaloneduca.com\/santodomingo2021-22\/wp-content\/uploads\/sites\/27\/2022\/02\/PHOTO-2022-02-07-09-06-52-1.jpg 640w\" sizes=\"(max-width: 431px) 85vw, 431px\" \/><\/p>\n<p>En la Tribu hemos hecho un gran trabajo y nos hemos comprometido a ayudar a conseguir alcanzar los ODS entre todo\/as.<\/p>\n<p><img loading=\"lazy\" decoding=\"async\" class=\" wp-image-82 aligncenter\" src=\"http:\/\/latribuexploradora.valnaloneduca.com\/santodomingo2021-22\/wp-content\/uploads\/sites\/27\/2022\/02\/PHOTO-2022-02-07-09-06-54-3-300x225.jpg\" alt=\"\" width=\"421\" height=\"316\" srcset=\"https:\/\/latribuexploradora.valnaloneduca.com\/santodomingo2021-22\/wp-content\/uploads\/sites\/27\/2022\/02\/PHOTO-2022-02-07-09-06-54-3-300x225.jpg 300w, https:\/\/latribuexploradora.valnaloneduca.com\/santodomingo2021-22\/wp-content\/uploads\/sites\/27\/2022\/02\/PHOTO-2022-02-07-09-06-54-3-1024x768.jpg 1024w, https:\/\/latribuexploradora.valnaloneduca.com\/santodomingo2021-22\/wp-content\/uploads\/sites\/27\/2022\/02\/PHOTO-2022-02-07-09-06-54-3-768x576.jpg 768w, https:\/\/latribuexploradora.valnaloneduca.com\/santodomingo2021-22\/wp-content\/uploads\/sites\/27\/2022\/02\/PHOTO-2022-02-07-09-06-54-3-1536x1152.jpg 1536w, https:\/\/latribuexploradora.valnaloneduca.com\/santodomingo2021-22\/wp-content\/uploads\/sites\/27\/2022\/02\/PHOTO-2022-02-07-09-06-54-3-1200x900.jpg 1200w, https:\/\/latribuexploradora.valnaloneduca.com\/santodomingo2021-22\/wp-content\/uploads\/sites\/27\/2022\/02\/PHOTO-2022-02-07-09-06-54-3.jpg 2048w\" sizes=\"(max-width: 421px) 85vw, 421px\" \/><\/p>\n<p>Esperamos que nos ayud\u00e9is a lograrlos, \u00a1contamos con vuestro apoyo!<\/p>\n<p>&nbsp;<\/p>\n","protected":false},"excerpt":{"rendered":"<p>En la Tribu de los Barrigolos estamos muy concienciados con ayudar a conseguir los Objetivos de Desarrollo Sostenible. Nos parece muy importante que en la medida que casa uno\/a pueda debe contribuir a ayudar. As\u00ed que con la ayuda de nuestra profe Laura, estuvimos recordando qu\u00e9 son y en qu\u00e9 cosas podemos contribuir nosotro\/as. Estuvimos &hellip; <a href=\"https:\/\/latribuexploradora.valnaloneduca.com\/santodomingo2021-22\/2022\/02\/07\/los-barrigolos-y-los-ods-celebrando-el-dia-de-la-paz\/\" class=\"more-link\">Continuar leyendo<span class=\"screen-reader-text\"> \u00abLos Barrigolos y los ODS. Celebrando el d\u00eda de La Paz\u00bb<\/span><\/a><\/p>\n","protected":false},"author":4,"featured_media":0,"comment_status":"open","ping_status":"open","sticky":false,"template":"","format":"standard","meta":{"footnotes":""},"categories":[1],"tags":[2,6,3,5,4],"class_list":["post-73","post","type-post","status-publish","format-standard","hentry","category-sin-categoria","tag-educacionemprendedora","tag-educacioninfantil","tag-latribuexploradora","tag-valnalon","tag-valnaloneduca"],"_links":{"self":[{"href":"https:\/\/latribuexploradora.valnaloneduca.com\/santodomingo2021-22\/wp-json\/wp\/v2\/posts\/73"}],"collection":[{"href":"https:\/\/latribuexploradora.valnaloneduca.com\/santodomingo2021-22\/wp-json\/wp\/v2\/posts"}],"about":[{"href":"https:\/\/latribuexploradora.valnaloneduca.com\/santodomingo2021-22\/wp-json\/wp\/v2\/types\/post"}],"author":[{"embeddable":true,"href":"https:\/\/latribuexploradora.valnaloneduca.com\/santodomingo2021-22\/wp-json\/wp\/v2\/users\/4"}],"replies":[{"embeddable":true,"href":"https:\/\/latribuexploradora.valnaloneduca.com\/santodomingo2021-22\/wp-json\/wp\/v2\/comments?post=73"}],"version-history":[{"count":6,"href":"https:\/\/latribuexploradora.valnaloneduca.com\/santodomingo2021-22\/wp-json\/wp\/v2\/posts\/73\/revisions"}],"predecessor-version":[{"id":88,"href":"https:\/\/latribuexploradora.valnaloneduca.com\/santodomingo2021-22\/wp-json\/wp\/v2\/posts\/73\/revisions\/88"}],"wp:attachment":[{"href":"https:\/\/latribuexploradora.valnaloneduca.com\/santodomingo2021-22\/wp-json\/wp\/v2\/media?parent=73"}],"wp:term":[{"taxonomy":"category","embeddable":true,"href":"https:\/\/latribuexploradora.valnaloneduca.com\/santodomingo2021-22\/wp-json\/wp\/v2\/categories?post=73"},{"taxonomy":"post_tag","embeddable":true,"href":"https:\/\/latribuexploradora.valnaloneduca.com\/santodomingo2021-22\/wp-json\/wp\/v2\/tags?post=73"}],"curies":[{"name":"wp","href":"https:\/\/api.w.org\/{rel}","templated":true}]}}