{"id":36,"date":"2020-01-26T15:59:06","date_gmt":"2020-01-26T15:59:06","guid":{"rendered":"https:\/\/santodomingotribusexploradoras2020.wordpress.com\/?p=36"},"modified":"2020-01-26T15:59:06","modified_gmt":"2020-01-26T15:59:06","slug":"comenzamos","status":"publish","type":"post","link":"https:\/\/latribuexploradora.valnaloneduca.com\/santodomingo2020\/2020\/01\/26\/comenzamos\/","title":{"rendered":"COMENZAMOS"},"content":{"rendered":"\n<p>Todo comenz\u00f3 en la clase de 5 a\u00f1os, cuando despu\u00e9s del recreo, apareci\u00f3 la caja de madera que muchas otras veces, cuando trabajamos por proyectos en nuestro cole, aparece con cosas en su interior que nos llevan a investigar.<\/p>\n\n\n\n<p>Muy nervios@s, como en otras ocasiones cuando aparece dicha caja, comenzamos a observar, que conten\u00eda.<\/p>\n\n\n\n<figure class=\"wp-block-image size-large is-resized\"><img loading=\"lazy\" decoding=\"async\" src=\"http:\/\/latribuexploradora.valnaloneduca.com\/santodomingo2020\/wp-content\/uploads\/sites\/11\/2020\/01\/img_20200121_121944.jpg?w=1024\" class=\"wp-image-75\" width=\"345\" height=\"258\" \/><figcaption>APARICI\u00d3N DE LA CAJA<\/figcaption><\/figure>\n\n\n\n<p>Y comenzamos la investigaci\u00f3n. Abrimos la caja y descubrimos una serie de im\u00e1genes que nos llevaron a pensar en tribus.<\/p>\n\n\n\n<figure class=\"wp-block-image size-large is-resized\"><img loading=\"lazy\" decoding=\"async\" src=\"http:\/\/latribuexploradora.valnaloneduca.com\/santodomingo2020\/wp-content\/uploads\/sites\/11\/2020\/01\/img_20200121_122720.jpg?w=1024\" class=\"wp-image-79\" width=\"355\" height=\"266\" \/><figcaption>CONTENIDO DE LA CAJA<\/figcaption><\/figure>\n\n\n\n<p>Y pensamos&#8230; \u00bfPorqu\u00e9 no hacer nosotros una tribu?<\/p>\n\n\n\n<p>Y nos pusimos manos a la obra:<\/p>\n\n\n\n<p><strong><em>Nuestro nombre<\/em><\/strong>: 3R STOP ( reducir, reciclar, reutilizar. Stop al cambio clim\u00e1tico).<\/p>\n\n\n\n<p><strong><em>Nuestros colores<\/em><\/strong>:  verde, amarillo y azul (como los contenedores de reciclaje y como el campo, el cielo &#8211; agua y el sol).<\/p>\n\n\n\n<p><strong><em>Nuestro grito de tribu<\/em><\/strong>: R, R, R, STOP, cuida el planeta y el te cuidar\u00e1.<\/p>\n\n\n\n<p><strong><em>Nuestras normas<\/em><\/strong>: <\/p>\n\n\n\n<ul class=\"wp-block-list\"><li>Escuchar a los dem\u00e1s.<\/li><li>Respetar el turno de palabra.<\/li><li>Trabajar en equipo.<\/li><\/ul>\n\n\n\n<p><strong><em>Nuestro amuleto<\/em><\/strong>: El logo del desarrollo sostenible, con sus 17 objetivos.<\/p>\n\n\n\n<figure class=\"wp-block-gallery columns-3 is-cropped wp-block-gallery-1 is-layout-flex wp-block-gallery-is-layout-flex\"><ul class=\"blocks-gallery-grid\"><li class=\"blocks-gallery-item\"><figure><img decoding=\"async\" src=\"http:\/\/latribuexploradora.valnaloneduca.com\/santodomingo2020\/wp-content\/uploads\/sites\/11\/2020\/01\/img_20200121_131826.jpg?w=1024\" data-id=\"85\" class=\"wp-image-85\" \/><figcaption class=\"blocks-gallery-item__caption\">grupo verde<\/figcaption><\/figure><\/li><li class=\"blocks-gallery-item\"><figure><img decoding=\"async\" src=\"http:\/\/latribuexploradora.valnaloneduca.com\/santodomingo2020\/wp-content\/uploads\/sites\/11\/2020\/01\/img_20200121_131816.jpg?w=1024\" data-id=\"84\" class=\"wp-image-84\" \/><figcaption class=\"blocks-gallery-item__caption\">grupo rojo<\/figcaption><\/figure><\/li><li class=\"blocks-gallery-item\"><figure><img decoding=\"async\" src=\"http:\/\/latribuexploradora.valnaloneduca.com\/santodomingo2020\/wp-content\/uploads\/sites\/11\/2020\/01\/img_20200121_131804.jpg?w=1024\" data-id=\"83\" class=\"wp-image-83\" \/><figcaption class=\"blocks-gallery-item__caption\">grupo amarillo<\/figcaption><\/figure><\/li><li class=\"blocks-gallery-item\"><figure><img decoding=\"async\" src=\"http:\/\/latribuexploradora.valnaloneduca.com\/santodomingo2020\/wp-content\/uploads\/sites\/11\/2020\/01\/img_20200121_131745.jpg?w=1024\" data-id=\"82\" class=\"wp-image-82\" \/><figcaption class=\"blocks-gallery-item__caption\">grupo rosa<\/figcaption><\/figure><\/li><li class=\"blocks-gallery-item\"><figure><img decoding=\"async\" src=\"http:\/\/latribuexploradora.valnaloneduca.com\/santodomingo2020\/wp-content\/uploads\/sites\/11\/2020\/01\/img_20200121_131721.jpg?w=1024\" data-id=\"81\" class=\"wp-image-81\" \/><figcaption class=\"blocks-gallery-item__caption\">grupo azul<\/figcaption><\/figure><\/li><li class=\"blocks-gallery-item\"><figure><img decoding=\"async\" src=\"http:\/\/latribuexploradora.valnaloneduca.com\/santodomingo2020\/wp-content\/uploads\/sites\/11\/2020\/01\/img_20200121_124530.jpg?w=1024\" data-id=\"80\" class=\"wp-image-80\" \/><figcaption class=\"blocks-gallery-item__caption\">lectura de normas<\/figcaption><\/figure><\/li><\/ul><\/figure>\n\n\n\n<p>Y as\u00ed finalizo una ma\u00f1ana llena de emociones y compromisos.<\/p>\n","protected":false},"excerpt":{"rendered":"<p>Todo comenz\u00f3 en la clase de 5 a\u00f1os, cuando despu\u00e9s del recreo, apareci\u00f3 la caja de madera que muchas otras veces, cuando trabajamos por proyectos en nuestro cole, aparece con cosas en su interior que nos llevan a investigar. Muy nervios@s, como en otras ocasiones cuando aparece dicha caja, comenzamos a observar, que conten\u00eda. Y &hellip; <a href=\"https:\/\/latribuexploradora.valnaloneduca.com\/santodomingo2020\/2020\/01\/26\/comenzamos\/\" class=\"more-link\">Continuar leyendo<span class=\"screen-reader-text\"> \u00abCOMENZAMOS\u00bb<\/span><\/a><\/p>\n","protected":false},"author":13,"featured_media":0,"comment_status":"open","ping_status":"open","sticky":false,"template":"","format":"standard","meta":{"footnotes":""},"categories":[1],"tags":[],"class_list":["post-36","post","type-post","status-publish","format-standard","hentry","category-sin-categoria"],"_links":{"self":[{"href":"https:\/\/latribuexploradora.valnaloneduca.com\/santodomingo2020\/wp-json\/wp\/v2\/posts\/36"}],"collection":[{"href":"https:\/\/latribuexploradora.valnaloneduca.com\/santodomingo2020\/wp-json\/wp\/v2\/posts"}],"about":[{"href":"https:\/\/latribuexploradora.valnaloneduca.com\/santodomingo2020\/wp-json\/wp\/v2\/types\/post"}],"author":[{"embeddable":true,"href":"https:\/\/latribuexploradora.valnaloneduca.com\/santodomingo2020\/wp-json\/wp\/v2\/users\/13"}],"replies":[{"embeddable":true,"href":"https:\/\/latribuexploradora.valnaloneduca.com\/santodomingo2020\/wp-json\/wp\/v2\/comments?post=36"}],"version-history":[{"count":0,"href":"https:\/\/latribuexploradora.valnaloneduca.com\/santodomingo2020\/wp-json\/wp\/v2\/posts\/36\/revisions"}],"wp:attachment":[{"href":"https:\/\/latribuexploradora.valnaloneduca.com\/santodomingo2020\/wp-json\/wp\/v2\/media?parent=36"}],"wp:term":[{"taxonomy":"category","embeddable":true,"href":"https:\/\/latribuexploradora.valnaloneduca.com\/santodomingo2020\/wp-json\/wp\/v2\/categories?post=36"},{"taxonomy":"post_tag","embeddable":true,"href":"https:\/\/latribuexploradora.valnaloneduca.com\/santodomingo2020\/wp-json\/wp\/v2\/tags?post=36"}],"curies":[{"name":"wp","href":"https:\/\/api.w.org\/{rel}","templated":true}]}}