{"id":22,"date":"2020-01-13T09:27:26","date_gmt":"2020-01-13T09:27:26","guid":{"rendered":"https:\/\/santodomingotribusexploradoras2020.wordpress.com\/?p=22"},"modified":"2020-01-13T09:27:26","modified_gmt":"2020-01-13T09:27:26","slug":"i","status":"publish","type":"post","link":"https:\/\/latribuexploradora.valnaloneduca.com\/santodomingo2020\/2020\/01\/13\/i\/","title":{"rendered":"Un curso m\u00e1s el cole participa en La Tribu Exploradora."},"content":{"rendered":"\n<p>De nuevo este curso escolar 2019\/20, el <a href=\"https:\/\/www.colegiosantodomingonavia.es\/\">Colegio Santo Domingo<\/a> de Navia Fundaci\u00f3n Educativa Francisco Coll, participar\u00e1 en el Proyecto educativo La Tribu Exploradora de Valnal\u00f3n. Lo har\u00e1 con el alumnado de 5 a\u00f1os de infantil y arrancar\u00e1n sus exploraciones a partir de enero.<\/p>\n\n\n\n<div class=\"wp-block-image\"><figure class=\"aligncenter size-large\"><img decoding=\"async\" src=\"https:\/\/santodomingotribusexploradoras2019.files.wordpress.com\/2018\/12\/IMG_20181212_122014.jpg?w=479&amp;h=359\" alt=\"\" \/><\/figure><\/div>\n","protected":false},"excerpt":{"rendered":"<p>De nuevo este curso escolar 2019\/20, el Colegio Santo Domingo de Navia Fundaci\u00f3n Educativa Francisco Coll, participar\u00e1 en el Proyecto educativo La Tribu Exploradora de Valnal\u00f3n. Lo har\u00e1 con el alumnado de 5 a\u00f1os de infantil y arrancar\u00e1n sus exploraciones a partir de enero.<\/p>\n","protected":false},"author":2,"featured_media":0,"comment_status":"open","ping_status":"open","sticky":false,"template":"","format":"standard","meta":{"footnotes":""},"categories":[1],"tags":[],"class_list":["post-22","post","type-post","status-publish","format-standard","hentry","category-sin-categoria"],"_links":{"self":[{"href":"https:\/\/latribuexploradora.valnaloneduca.com\/santodomingo2020\/wp-json\/wp\/v2\/posts\/22"}],"collection":[{"href":"https:\/\/latribuexploradora.valnaloneduca.com\/santodomingo2020\/wp-json\/wp\/v2\/posts"}],"about":[{"href":"https:\/\/latribuexploradora.valnaloneduca.com\/santodomingo2020\/wp-json\/wp\/v2\/types\/post"}],"author":[{"embeddable":true,"href":"https:\/\/latribuexploradora.valnaloneduca.com\/santodomingo2020\/wp-json\/wp\/v2\/users\/2"}],"replies":[{"embeddable":true,"href":"https:\/\/latribuexploradora.valnaloneduca.com\/santodomingo2020\/wp-json\/wp\/v2\/comments?post=22"}],"version-history":[{"count":0,"href":"https:\/\/latribuexploradora.valnaloneduca.com\/santodomingo2020\/wp-json\/wp\/v2\/posts\/22\/revisions"}],"wp:attachment":[{"href":"https:\/\/latribuexploradora.valnaloneduca.com\/santodomingo2020\/wp-json\/wp\/v2\/media?parent=22"}],"wp:term":[{"taxonomy":"category","embeddable":true,"href":"https:\/\/latribuexploradora.valnaloneduca.com\/santodomingo2020\/wp-json\/wp\/v2\/categories?post=22"},{"taxonomy":"post_tag","embeddable":true,"href":"https:\/\/latribuexploradora.valnaloneduca.com\/santodomingo2020\/wp-json\/wp\/v2\/tags?post=22"}],"curies":[{"name":"wp","href":"https:\/\/api.w.org\/{rel}","templated":true}]}}