{"id":100,"date":"2020-01-30T19:50:18","date_gmt":"2020-01-30T19:50:18","guid":{"rendered":"https:\/\/santodomingotribusexploradoras2020.wordpress.com\/?p=100"},"modified":"2020-01-30T19:50:18","modified_gmt":"2020-01-30T19:50:18","slug":"encuentro-entre-tribus","status":"publish","type":"post","link":"https:\/\/latribuexploradora.valnaloneduca.com\/santodomingo2020\/2020\/01\/30\/encuentro-entre-tribus\/","title":{"rendered":"ENCUENTRO ENTRE TRIBUS"},"content":{"rendered":"\n<p>Hoy ha sido un d\u00eda muy especial para nuestra tribu 3R STOP, \u00bfPor qu\u00e9? <\/p>\n\n\n\n<p>Porque hemos ido a visitar a la tribu del a\u00f1o pasado los Nayeli.<\/p>\n\n\n\n<p>Y para ello, nos hemos preparado cogiendo nuestro Amuleto, imprescindible en cada exploraci\u00f3n.<\/p>\n\n\n\n<p>Dentro de la tribu cada grupo tiene una funci\u00f3n, es por ello, que el grupo azul, los REPARTIDORES, se encargan de dar dichos amuletos a sus compa\u00f1er@s.<\/p>\n\n\n\n<figure class=\"wp-block-gallery columns-3 is-cropped wp-block-gallery-1 is-layout-flex wp-block-gallery-is-layout-flex\"><ul class=\"blocks-gallery-grid\"><li class=\"blocks-gallery-item\"><figure><img decoding=\"async\" src=\"http:\/\/latribuexploradora.valnaloneduca.com\/santodomingo2020\/wp-content\/uploads\/sites\/11\/2020\/01\/img_20200130_104053.jpg?w=1024\" data-id=\"105\" class=\"wp-image-105\" \/><\/figure><\/li><li class=\"blocks-gallery-item\"><figure><img decoding=\"async\" src=\"http:\/\/latribuexploradora.valnaloneduca.com\/santodomingo2020\/wp-content\/uploads\/sites\/11\/2020\/01\/img_20200130_104005.jpg?w=1024\" data-id=\"102\" class=\"wp-image-102\" \/><\/figure><\/li><li class=\"blocks-gallery-item\"><figure><img decoding=\"async\" src=\"http:\/\/latribuexploradora.valnaloneduca.com\/santodomingo2020\/wp-content\/uploads\/sites\/11\/2020\/01\/img_20200130_104031.jpg?w=1024\" data-id=\"104\" class=\"wp-image-104\" \/><\/figure><\/li><\/ul><figcaption class=\"blocks-gallery-caption\">Repartimos los amuletos.<\/figcaption><\/figure>\n\n\n\n<p>Y pusimos rumbo a primaria, en cuyo recorrido, el grupo rojo, los SABIOS, controlan el comportamiento de la tribu en las exploraciones.<\/p>\n\n\n\n<figure class=\"wp-block-gallery columns-1 is-cropped wp-block-gallery-2 is-layout-flex wp-block-gallery-is-layout-flex\"><ul class=\"blocks-gallery-grid\"><li class=\"blocks-gallery-item\"><figure><img decoding=\"async\" src=\"http:\/\/latribuexploradora.valnaloneduca.com\/santodomingo2020\/wp-content\/uploads\/sites\/11\/2020\/01\/img_20200130_104730.jpg?w=1024\" data-id=\"108\" class=\"wp-image-108\" \/><figcaption class=\"blocks-gallery-item__caption\">En busca de la tribu NAYELI<\/figcaption><\/figure><\/li><\/ul><\/figure>\n\n\n\n<p>Una vez llegado a nuestro destino, hemos sido recibidos, con una gran bienvenida.<\/p>\n\n\n\n<figure class=\"wp-block-image size-large is-resized\"><img loading=\"lazy\" decoding=\"async\" src=\"http:\/\/latribuexploradora.valnaloneduca.com\/santodomingo2020\/wp-content\/uploads\/sites\/11\/2020\/01\/img_20200130_110216.jpg?w=1024\" alt=\"\" class=\"wp-image-112\" width=\"538\" height=\"403\" \/><figcaption>Las tribus unidas.<\/figcaption><\/figure>\n\n\n\n<p>Como toda tribu que se precie, dejamos nuestra huella y en agradecimiento por el gran recibimiento que nos han dado, hacemos entrega de nuestro sello. Para ello, el grupo verde, los GU\u00cdAS hacen dicha entrega, lo que no sab\u00edamos es que la anterior tribu tambi\u00e9n ten\u00eda algo preparado.<\/p>\n\n\n\n<figure class=\"wp-block-image size-large\"><img decoding=\"async\" src=\"http:\/\/latribuexploradora.valnaloneduca.com\/santodomingo2020\/wp-content\/uploads\/sites\/11\/2020\/01\/img_20200130_110522.jpg?w=1024\" alt=\"\" class=\"wp-image-114\" \/><figcaption>Intercambio de regalos.<\/figcaption><\/figure>\n\n\n\n<p>Ha sido una ma\u00f1ana muy productiva, donde hemos intercambiado opiniones a la vez que practic\u00e1bamos la expresi\u00f3n oral, interetapa, como mediadores, el grupo amarillo, los reporteros. Les hemos le\u00eddo un cuento sobre como podemos contribuir  a mantener el planeta un poco mejor, \u00abtodo suma \u00bb y ellos nos han recordado a trav\u00e9s de la lectura de otro cuento, lo importante que es pedir las cosa por favor y con educaci\u00f3n.<\/p>\n\n\n\n<figure class=\"wp-block-image size-large\"><img decoding=\"async\" src=\"http:\/\/latribuexploradora.valnaloneduca.com\/santodomingo2020\/wp-content\/uploads\/sites\/11\/2020\/01\/img_20200130_111212.jpg?w=1024\" alt=\"\" class=\"wp-image-115\" \/><\/figure>\n\n\n\n<figure class=\"wp-block-image size-large is-resized\"><img loading=\"lazy\" decoding=\"async\" src=\"http:\/\/latribuexploradora.valnaloneduca.com\/santodomingo2020\/wp-content\/uploads\/sites\/11\/2020\/01\/img_20200130_113126.jpg?w=1024\" alt=\"\" class=\"wp-image-117\" width=\"477\" height=\"357\" \/><\/figure>\n\n\n\n<p>El tiempo pasa muy r\u00e1pido cuando se esta c\u00f3modo, llega el momento de despedirse y la tribu Nayeli nos ten\u00eda preparada otra sorpresa, \u00a1UNAS GALLETASSSSS!<\/p>\n\n\n\n<p>Una vez en nuestro lugar de asamblea y repartidos los cojines, analizamos la exploraci\u00f3n.<\/p>\n\n\n\n<figure class=\"wp-block-gallery columns-3 is-cropped wp-block-gallery-3 is-layout-flex wp-block-gallery-is-layout-flex\"><ul class=\"blocks-gallery-grid\"><li class=\"blocks-gallery-item\"><figure><img decoding=\"async\" src=\"http:\/\/latribuexploradora.valnaloneduca.com\/santodomingo2020\/wp-content\/uploads\/sites\/11\/2020\/01\/img_20200130_123213.jpg?w=1024\" data-id=\"126\" class=\"wp-image-126\" \/><\/figure><\/li><li class=\"blocks-gallery-item\"><figure><img decoding=\"async\" src=\"http:\/\/latribuexploradora.valnaloneduca.com\/santodomingo2020\/wp-content\/uploads\/sites\/11\/2020\/01\/img_20200130_125018-1.jpg?w=1024\" data-id=\"135\" class=\"wp-image-135\" \/><\/figure><\/li><li class=\"blocks-gallery-item\"><figure><img decoding=\"async\" src=\"http:\/\/latribuexploradora.valnaloneduca.com\/santodomingo2020\/wp-content\/uploads\/sites\/11\/2020\/01\/img_20200130_125035-1.jpg?w=1024\" data-id=\"136\" class=\"wp-image-136\" \/><\/figure><\/li><li class=\"blocks-gallery-item\"><figure><img decoding=\"async\" src=\"http:\/\/latribuexploradora.valnaloneduca.com\/santodomingo2020\/wp-content\/uploads\/sites\/11\/2020\/01\/img_20200130_124949-1.jpg?w=1024\" data-id=\"131\" class=\"wp-image-131\" \/><\/figure><\/li><li class=\"blocks-gallery-item\"><figure><img decoding=\"async\" src=\"http:\/\/latribuexploradora.valnaloneduca.com\/santodomingo2020\/wp-content\/uploads\/sites\/11\/2020\/01\/img_20200130_123228.jpg?w=1024\" data-id=\"127\" class=\"wp-image-127\" \/><\/figure><\/li><\/ul><\/figure>\n\n\n\n<p>Hemos analizado el coraz\u00f3n que nos han dado.<\/p>\n\n\n\n<p>El comportamiento de ambas tribus.<\/p>\n\n\n\n<p>El recorrido entre ambas clases (todo muy limpio, sin nada que encontrar para reciclar, reducir o reutilizar&#8230;).<\/p>\n\n\n\n<p>Hemos recordado las palabras, consejos y exploraciones de la tribu anterior.<\/p>\n\n\n\n<p>Y hemos llegado a la siguiente conclusi\u00f3n<\/p>\n\n\n\n<figure class=\"wp-block-gallery columns-2 is-cropped wp-block-gallery-4 is-layout-flex wp-block-gallery-is-layout-flex\"><ul class=\"blocks-gallery-grid\"><li class=\"blocks-gallery-item\"><figure><img decoding=\"async\" src=\"http:\/\/latribuexploradora.valnaloneduca.com\/santodomingo2020\/wp-content\/uploads\/sites\/11\/2020\/01\/img_20200130_125145.jpg?w=1024\" data-id=\"139\" class=\"wp-image-139\" \/><\/figure><\/li><li class=\"blocks-gallery-item\"><figure><img decoding=\"async\" src=\"http:\/\/latribuexploradora.valnaloneduca.com\/santodomingo2020\/wp-content\/uploads\/sites\/11\/2020\/01\/img_20200130_125139.jpg?w=1024\" data-id=\"138\" class=\"wp-image-138\" \/><\/figure><\/li><\/ul><\/figure>\n\n\n\n<p>Al lado del coraz\u00f3n rojo, hemos puesto el monstruo de color verde, porque hemos estado tranquilos y as\u00ed nos hemos sentido y una flor porque como tribu que somos hemos llegado entre todos, a la conclusi\u00f3n que esta exploraci\u00f3n ha sido buena y positiva.<\/p>\n\n\n\n<p>Veremos en otras exploraciones, el resultado que obtenemos. Pero eso ser\u00e1 otro cap\u00edtulo en nuestras aventuras como tribu.<\/p>\n","protected":false},"excerpt":{"rendered":"<p>Hoy ha sido un d\u00eda muy especial para nuestra tribu 3R STOP, \u00bfPor qu\u00e9? Porque hemos ido a visitar a la tribu del a\u00f1o pasado los Nayeli. Y para ello, nos hemos preparado cogiendo nuestro Amuleto, imprescindible en cada exploraci\u00f3n. Dentro de la tribu cada grupo tiene una funci\u00f3n, es por ello, que el grupo &hellip; <a href=\"https:\/\/latribuexploradora.valnaloneduca.com\/santodomingo2020\/2020\/01\/30\/encuentro-entre-tribus\/\" class=\"more-link\">Continuar leyendo<span class=\"screen-reader-text\"> \u00abENCUENTRO ENTRE TRIBUS\u00bb<\/span><\/a><\/p>\n","protected":false},"author":13,"featured_media":0,"comment_status":"open","ping_status":"open","sticky":false,"template":"","format":"standard","meta":{"footnotes":""},"categories":[1],"tags":[],"class_list":["post-100","post","type-post","status-publish","format-standard","hentry","category-sin-categoria"],"_links":{"self":[{"href":"https:\/\/latribuexploradora.valnaloneduca.com\/santodomingo2020\/wp-json\/wp\/v2\/posts\/100"}],"collection":[{"href":"https:\/\/latribuexploradora.valnaloneduca.com\/santodomingo2020\/wp-json\/wp\/v2\/posts"}],"about":[{"href":"https:\/\/latribuexploradora.valnaloneduca.com\/santodomingo2020\/wp-json\/wp\/v2\/types\/post"}],"author":[{"embeddable":true,"href":"https:\/\/latribuexploradora.valnaloneduca.com\/santodomingo2020\/wp-json\/wp\/v2\/users\/13"}],"replies":[{"embeddable":true,"href":"https:\/\/latribuexploradora.valnaloneduca.com\/santodomingo2020\/wp-json\/wp\/v2\/comments?post=100"}],"version-history":[{"count":0,"href":"https:\/\/latribuexploradora.valnaloneduca.com\/santodomingo2020\/wp-json\/wp\/v2\/posts\/100\/revisions"}],"wp:attachment":[{"href":"https:\/\/latribuexploradora.valnaloneduca.com\/santodomingo2020\/wp-json\/wp\/v2\/media?parent=100"}],"wp:term":[{"taxonomy":"category","embeddable":true,"href":"https:\/\/latribuexploradora.valnaloneduca.com\/santodomingo2020\/wp-json\/wp\/v2\/categories?post=100"},{"taxonomy":"post_tag","embeddable":true,"href":"https:\/\/latribuexploradora.valnaloneduca.com\/santodomingo2020\/wp-json\/wp\/v2\/tags?post=100"}],"curies":[{"name":"wp","href":"https:\/\/api.w.org\/{rel}","templated":true}]}}