{"id":27,"date":"2018-10-17T05:28:51","date_gmt":"2018-10-17T05:28:51","guid":{"rendered":"https:\/\/santaeulaliatribusexploradoras.wordpress.com\/?p=27"},"modified":"2018-10-17T05:28:51","modified_gmt":"2018-10-17T05:28:51","slug":"somos-una-tribu","status":"publish","type":"post","link":"https:\/\/latribuexploradora.valnaloneduca.com\/santaeulalia\/2018\/10\/17\/somos-una-tribu\/","title":{"rendered":"SOMOS UNA TRIBU"},"content":{"rendered":"<p>Los ni\u00f1os de infantil del CEIP Santa Eulalia de Ujo han creado la <strong>Tribu de los exploradores del mundo.<\/strong><\/p>\n<p>Los ni\u00f1os de 4 y 5 a\u00f1os el a\u00f1o\u00a0 pasado ya hab\u00edan vivido emocionantes aventuras viajando por nuestro planeta. Este curso, acompa\u00f1ados de los ni\u00f1os de 3 a\u00f1os, no s\u00f3lo viajaran de nuevo, sino que tambi\u00e9n explorar\u00e1n, investigar\u00e1n, resolver\u00e1n problemas y vivir\u00e1n nuevas experiencias.<\/p>\n<p>\u00a1Qu\u00e9 comience la aventura!<\/p>\n<div id='gallery-1' class='gallery galleryid-27 gallery-columns-3 gallery-size-thumbnail'><figure class='gallery-item'>\n\t\t\t<div class='gallery-icon landscape'>\n\t\t\t\t<a href='https:\/\/latribuexploradora.valnaloneduca.com\/santaeulalia\/2018\/10\/17\/somos-una-tribu\/1-a\/'><img loading=\"lazy\" decoding=\"async\" width=\"150\" height=\"150\" src=\"https:\/\/latribuexploradora.valnaloneduca.com\/santaeulalia\/wp-content\/uploads\/sites\/14\/2018\/10\/1-a-150x150.jpg\" class=\"attachment-thumbnail size-thumbnail\" alt=\"\" \/><\/a>\n\t\t\t<\/div><\/figure><figure class='gallery-item'>\n\t\t\t<div class='gallery-icon landscape'>\n\t\t\t\t<a href='https:\/\/latribuexploradora.valnaloneduca.com\/santaeulalia\/2018\/10\/17\/somos-una-tribu\/1-b-2\/'><img loading=\"lazy\" decoding=\"async\" width=\"150\" height=\"150\" src=\"https:\/\/latribuexploradora.valnaloneduca.com\/santaeulalia\/wp-content\/uploads\/sites\/14\/2018\/10\/1-b1-150x150.jpg\" class=\"attachment-thumbnail size-thumbnail\" alt=\"\" \/><\/a>\n\t\t\t<\/div><\/figure>\n\t\t<\/div>\n\n<p>&nbsp;<\/p>\n","protected":false},"excerpt":{"rendered":"<p>Los ni\u00f1os de infantil del CEIP Santa Eulalia de Ujo han creado la Tribu de los exploradores del mundo. Los ni\u00f1os de 4 y 5 a\u00f1os el a\u00f1o\u00a0 pasado ya hab\u00edan vivido emocionantes aventuras viajando por nuestro planeta. Este curso, acompa\u00f1ados de los ni\u00f1os de 3 a\u00f1os, no s\u00f3lo viajaran de nuevo, sino que tambi\u00e9n &hellip; <a href=\"https:\/\/latribuexploradora.valnaloneduca.com\/santaeulalia\/2018\/10\/17\/somos-una-tribu\/\" class=\"more-link\">Continuar leyendo<span class=\"screen-reader-text\"> \u00abSOMOS UNA TRIBU\u00bb<\/span><\/a><\/p>\n","protected":false},"author":2,"featured_media":0,"comment_status":"open","ping_status":"open","sticky":false,"template":"","format":"standard","meta":{"footnotes":""},"categories":[1],"tags":[],"class_list":["post-27","post","type-post","status-publish","format-standard","hentry","category-sin-categoria"],"_links":{"self":[{"href":"https:\/\/latribuexploradora.valnaloneduca.com\/santaeulalia\/wp-json\/wp\/v2\/posts\/27"}],"collection":[{"href":"https:\/\/latribuexploradora.valnaloneduca.com\/santaeulalia\/wp-json\/wp\/v2\/posts"}],"about":[{"href":"https:\/\/latribuexploradora.valnaloneduca.com\/santaeulalia\/wp-json\/wp\/v2\/types\/post"}],"author":[{"embeddable":true,"href":"https:\/\/latribuexploradora.valnaloneduca.com\/santaeulalia\/wp-json\/wp\/v2\/users\/2"}],"replies":[{"embeddable":true,"href":"https:\/\/latribuexploradora.valnaloneduca.com\/santaeulalia\/wp-json\/wp\/v2\/comments?post=27"}],"version-history":[{"count":0,"href":"https:\/\/latribuexploradora.valnaloneduca.com\/santaeulalia\/wp-json\/wp\/v2\/posts\/27\/revisions"}],"wp:attachment":[{"href":"https:\/\/latribuexploradora.valnaloneduca.com\/santaeulalia\/wp-json\/wp\/v2\/media?parent=27"}],"wp:term":[{"taxonomy":"category","embeddable":true,"href":"https:\/\/latribuexploradora.valnaloneduca.com\/santaeulalia\/wp-json\/wp\/v2\/categories?post=27"},{"taxonomy":"post_tag","embeddable":true,"href":"https:\/\/latribuexploradora.valnaloneduca.com\/santaeulalia\/wp-json\/wp\/v2\/tags?post=27"}],"curies":[{"name":"wp","href":"https:\/\/api.w.org\/{rel}","templated":true}]}}