{"id":176,"date":"2018-11-29T20:46:32","date_gmt":"2018-11-29T20:46:32","guid":{"rendered":"https:\/\/santaeulaliatribusexploradoras.wordpress.com\/?p=134"},"modified":"2018-11-29T20:46:32","modified_gmt":"2018-11-29T20:46:32","slug":"quinta-exploracion-aula-de-musica","status":"publish","type":"post","link":"https:\/\/latribuexploradora.valnaloneduca.com\/santaeulalia\/2018\/11\/29\/quinta-exploracion-aula-de-musica\/","title":{"rendered":"QUINTA EXPLORACI\u00d3N: AULA DE M\u00daSICA"},"content":{"rendered":"<p>A los exploradores nos encanta la m\u00fasica. Comenzamos el d\u00eda bailando, escuchamos diferentes autores (Chaikovski, Mozart,\u2026) y nos despedimos siempre cantando. As\u00ed que la sorpresa que nos esperaba nos emocion\u00f3. Algunos de los alumnos mayores e Isabel, la profe de m\u00fasica, nos acompa\u00f1aron a explorar el aula de m\u00fasica. Los exploradores m\u00e1s que nunca hemos tenido los o\u00eddos bien atentos. Y al finalizar la exploraci\u00f3n nuestros amigos Leo, Ana, Daniel y Mar\u00eda nos dieron un peque\u00f1o concierto de flauta.<\/p>\n<p>Ya en clase hemos buscado los instrumentos en nuestro libro: <a href=\"http:\/\/unabrazolector.blogspot.com\/2017\/08\/el-gran-libro-de-los-instrumentos.html\">El gran libro de los instrumentos musicales<\/a>. Ha sido todo muy emocionante. \u00a1Que viva la m\u00fasica!<\/p>\n<div id='gallery-1' class='gallery galleryid-176 gallery-columns-3 gallery-size-thumbnail'><figure class='gallery-item'>\n\t\t\t<div class='gallery-icon landscape'>\n\t\t\t\t<a href='https:\/\/latribuexploradora.valnaloneduca.com\/santaeulalia\/2018\/11\/20\/primera-exploracion-el-patio-de-los-mayores\/10-g\/'><img loading=\"lazy\" decoding=\"async\" width=\"150\" height=\"150\" src=\"https:\/\/latribuexploradora.valnaloneduca.com\/santaeulalia\/wp-content\/uploads\/sites\/14\/2018\/11\/10-g-150x150.jpg\" class=\"attachment-thumbnail size-thumbnail\" alt=\"\" \/><\/a>\n\t\t\t<\/div><\/figure><figure class='gallery-item'>\n\t\t\t<div class='gallery-icon landscape'>\n\t\t\t\t<a href='https:\/\/latribuexploradora.valnaloneduca.com\/santaeulalia\/2018\/11\/20\/segunda-exploracion-la-biblioteca\/11-a\/'><img loading=\"lazy\" decoding=\"async\" width=\"150\" height=\"150\" src=\"https:\/\/latribuexploradora.valnaloneduca.com\/santaeulalia\/wp-content\/uploads\/sites\/14\/2018\/11\/11-a-150x150.jpg\" class=\"attachment-thumbnail size-thumbnail\" alt=\"\" \/><\/a>\n\t\t\t<\/div><\/figure><figure class='gallery-item'>\n\t\t\t<div class='gallery-icon landscape'>\n\t\t\t\t<a href='https:\/\/latribuexploradora.valnaloneduca.com\/santaeulalia\/2018\/11\/20\/segunda-exploracion-la-biblioteca\/11-b\/'><img loading=\"lazy\" decoding=\"async\" width=\"150\" height=\"150\" src=\"https:\/\/latribuexploradora.valnaloneduca.com\/santaeulalia\/wp-content\/uploads\/sites\/14\/2018\/11\/11-b-150x150.jpg\" class=\"attachment-thumbnail size-thumbnail\" alt=\"\" \/><\/a>\n\t\t\t<\/div><\/figure><figure class='gallery-item'>\n\t\t\t<div class='gallery-icon landscape'>\n\t\t\t\t<a href='https:\/\/latribuexploradora.valnaloneduca.com\/santaeulalia\/2018\/11\/20\/segunda-exploracion-la-biblioteca\/11-c\/'><img loading=\"lazy\" decoding=\"async\" width=\"150\" height=\"150\" src=\"https:\/\/latribuexploradora.valnaloneduca.com\/santaeulalia\/wp-content\/uploads\/sites\/14\/2018\/11\/11-c-150x150.jpg\" class=\"attachment-thumbnail size-thumbnail\" alt=\"\" \/><\/a>\n\t\t\t<\/div><\/figure><figure class='gallery-item'>\n\t\t\t<div class='gallery-icon landscape'>\n\t\t\t\t<a href='https:\/\/latribuexploradora.valnaloneduca.com\/santaeulalia\/2018\/11\/20\/segunda-exploracion-la-biblioteca\/11-c-2\/'><img loading=\"lazy\" decoding=\"async\" width=\"150\" height=\"150\" src=\"https:\/\/latribuexploradora.valnaloneduca.com\/santaeulalia\/wp-content\/uploads\/sites\/14\/2018\/11\/11-c-1-150x150.jpg\" class=\"attachment-thumbnail size-thumbnail\" alt=\"\" \/><\/a>\n\t\t\t<\/div><\/figure><figure class='gallery-item'>\n\t\t\t<div class='gallery-icon landscape'>\n\t\t\t\t<a href='https:\/\/latribuexploradora.valnaloneduca.com\/santaeulalia\/2018\/11\/20\/segunda-exploracion-la-biblioteca\/11-d\/'><img loading=\"lazy\" decoding=\"async\" width=\"150\" height=\"150\" src=\"https:\/\/latribuexploradora.valnaloneduca.com\/santaeulalia\/wp-content\/uploads\/sites\/14\/2018\/11\/11-d-150x150.jpg\" class=\"attachment-thumbnail size-thumbnail\" alt=\"\" \/><\/a>\n\t\t\t<\/div><\/figure><figure class='gallery-item'>\n\t\t\t<div class='gallery-icon landscape'>\n\t\t\t\t<a href='https:\/\/latribuexploradora.valnaloneduca.com\/santaeulalia\/2018\/11\/20\/segunda-exploracion-la-biblioteca\/11-e\/'><img loading=\"lazy\" decoding=\"async\" width=\"150\" height=\"150\" src=\"https:\/\/latribuexploradora.valnaloneduca.com\/santaeulalia\/wp-content\/uploads\/sites\/14\/2018\/11\/11-e-150x150.jpg\" class=\"attachment-thumbnail size-thumbnail\" alt=\"\" \/><\/a>\n\t\t\t<\/div><\/figure><figure class='gallery-item'>\n\t\t\t<div class='gallery-icon landscape'>\n\t\t\t\t<a href='https:\/\/latribuexploradora.valnaloneduca.com\/santaeulalia\/2018\/11\/20\/segunda-exploracion-la-biblioteca\/11-f\/'><img loading=\"lazy\" decoding=\"async\" width=\"150\" height=\"150\" src=\"https:\/\/latribuexploradora.valnaloneduca.com\/santaeulalia\/wp-content\/uploads\/sites\/14\/2018\/11\/11-f-150x150.jpg\" class=\"attachment-thumbnail size-thumbnail\" alt=\"\" \/><\/a>\n\t\t\t<\/div><\/figure><figure class='gallery-item'>\n\t\t\t<div class='gallery-icon portrait'>\n\t\t\t\t<a href='https:\/\/latribuexploradora.valnaloneduca.com\/santaeulalia\/2018\/11\/20\/segunda-exploracion-la-biblioteca\/11-g\/'><img loading=\"lazy\" decoding=\"async\" width=\"150\" height=\"150\" src=\"https:\/\/latribuexploradora.valnaloneduca.com\/santaeulalia\/wp-content\/uploads\/sites\/14\/2018\/11\/11-g-150x150.jpg\" class=\"attachment-thumbnail size-thumbnail\" alt=\"\" \/><\/a>\n\t\t\t<\/div><\/figure>\n\t\t<\/div>\n\n","protected":false},"excerpt":{"rendered":"<p>A los exploradores nos encanta la m\u00fasica. Comenzamos el d\u00eda bailando, escuchamos diferentes autores (Chaikovski, Mozart,\u2026) y nos despedimos siempre cantando. As\u00ed que la sorpresa que nos esperaba nos emocion\u00f3. Algunos de los alumnos mayores e Isabel, la profe de m\u00fasica, nos acompa\u00f1aron a explorar el aula de m\u00fasica. Los exploradores m\u00e1s que nunca hemos &hellip; <a href=\"https:\/\/latribuexploradora.valnaloneduca.com\/santaeulalia\/2018\/11\/29\/quinta-exploracion-aula-de-musica\/\" class=\"more-link\">Continuar leyendo<span class=\"screen-reader-text\"> \u00abQUINTA EXPLORACI\u00d3N: AULA DE M\u00daSICA\u00bb<\/span><\/a><\/p>\n","protected":false},"author":2,"featured_media":0,"comment_status":"open","ping_status":"open","sticky":false,"template":"","format":"standard","meta":{"footnotes":""},"categories":[1],"tags":[],"class_list":["post-176","post","type-post","status-publish","format-standard","hentry","category-sin-categoria"],"_links":{"self":[{"href":"https:\/\/latribuexploradora.valnaloneduca.com\/santaeulalia\/wp-json\/wp\/v2\/posts\/176"}],"collection":[{"href":"https:\/\/latribuexploradora.valnaloneduca.com\/santaeulalia\/wp-json\/wp\/v2\/posts"}],"about":[{"href":"https:\/\/latribuexploradora.valnaloneduca.com\/santaeulalia\/wp-json\/wp\/v2\/types\/post"}],"author":[{"embeddable":true,"href":"https:\/\/latribuexploradora.valnaloneduca.com\/santaeulalia\/wp-json\/wp\/v2\/users\/2"}],"replies":[{"embeddable":true,"href":"https:\/\/latribuexploradora.valnaloneduca.com\/santaeulalia\/wp-json\/wp\/v2\/comments?post=176"}],"version-history":[{"count":0,"href":"https:\/\/latribuexploradora.valnaloneduca.com\/santaeulalia\/wp-json\/wp\/v2\/posts\/176\/revisions"}],"wp:attachment":[{"href":"https:\/\/latribuexploradora.valnaloneduca.com\/santaeulalia\/wp-json\/wp\/v2\/media?parent=176"}],"wp:term":[{"taxonomy":"category","embeddable":true,"href":"https:\/\/latribuexploradora.valnaloneduca.com\/santaeulalia\/wp-json\/wp\/v2\/categories?post=176"},{"taxonomy":"post_tag","embeddable":true,"href":"https:\/\/latribuexploradora.valnaloneduca.com\/santaeulalia\/wp-json\/wp\/v2\/tags?post=176"}],"curies":[{"name":"wp","href":"https:\/\/api.w.org\/{rel}","templated":true}]}}