{"id":133,"date":"2018-11-20T19:26:06","date_gmt":"2018-11-20T19:26:06","guid":{"rendered":"https:\/\/santaeulaliatribusexploradoras.wordpress.com\/?p=98"},"modified":"2018-11-20T19:26:06","modified_gmt":"2018-11-20T19:26:06","slug":"primera-exploracion-el-patio-de-los-mayores","status":"publish","type":"post","link":"https:\/\/latribuexploradora.valnaloneduca.com\/santaeulalia\/2018\/11\/20\/primera-exploracion-el-patio-de-los-mayores\/","title":{"rendered":"PRIMERA EXPLORACI\u00d3N: EL PATIO DE LOS MAYORES"},"content":{"rendered":"<p>Lleg\u00f3 el gran d\u00eda, nuestra primera exploraci\u00f3n. Todos nos hemos puesto nuestros amuletos y hemos cogido alguna cosa del kit de explorador: prism\u00e1ticos, lupas, bote para insectos, libreta, m\u00f3viles y hasta una cuerda.<\/p>\n<p>Ilusionados exploramos el patio de los mayores, subimos las escaleras y llegamos al huerto. En esta primera exploraci\u00f3n nos llam\u00f3 la atenci\u00f3n la cantidad y variedad de bichos \u00a0que observamos. En clase vimos el libro <a href=\"https:\/\/youtu.be\/WfebRlUFDj0\">El gran libro de los bichos<\/a> con el cual hemos aprendido mucho sobre estos.<\/p>\n<div id='gallery-1' class='gallery galleryid-133 gallery-columns-3 gallery-size-thumbnail'><figure class='gallery-item'>\n\t\t\t<div class='gallery-icon landscape'>\n\t\t\t\t<a href='https:\/\/latribuexploradora.valnaloneduca.com\/santaeulalia\/2018\/11\/11\/taller-con-valnalon\/8-d\/'><img loading=\"lazy\" decoding=\"async\" width=\"150\" height=\"150\" src=\"https:\/\/latribuexploradora.valnaloneduca.com\/santaeulalia\/wp-content\/uploads\/sites\/14\/2018\/11\/8-d-150x150.jpg\" class=\"attachment-thumbnail size-thumbnail\" alt=\"\" \/><\/a>\n\t\t\t<\/div><\/figure><figure class='gallery-item'>\n\t\t\t<div class='gallery-icon landscape'>\n\t\t\t\t<a href='https:\/\/latribuexploradora.valnaloneduca.com\/santaeulalia\/2018\/11\/11\/taller-con-valnalon\/8-e\/'><img loading=\"lazy\" decoding=\"async\" width=\"150\" height=\"150\" src=\"https:\/\/latribuexploradora.valnaloneduca.com\/santaeulalia\/wp-content\/uploads\/sites\/14\/2018\/11\/8-e-150x150.jpg\" class=\"attachment-thumbnail size-thumbnail\" alt=\"\" \/><\/a>\n\t\t\t<\/div><\/figure><figure class='gallery-item'>\n\t\t\t<div class='gallery-icon landscape'>\n\t\t\t\t<a href='https:\/\/latribuexploradora.valnaloneduca.com\/santaeulalia\/2018\/11\/11\/taller-con-valnalon\/8-f\/'><img loading=\"lazy\" decoding=\"async\" width=\"150\" height=\"150\" src=\"https:\/\/latribuexploradora.valnaloneduca.com\/santaeulalia\/wp-content\/uploads\/sites\/14\/2018\/11\/8-f-150x150.jpg\" class=\"attachment-thumbnail size-thumbnail\" alt=\"\" \/><\/a>\n\t\t\t<\/div><\/figure><figure class='gallery-item'>\n\t\t\t<div class='gallery-icon landscape'>\n\t\t\t\t<a href='https:\/\/latribuexploradora.valnaloneduca.com\/santaeulalia\/2018\/11\/11\/taller-con-valnalon\/8-g\/'><img loading=\"lazy\" decoding=\"async\" width=\"150\" height=\"150\" src=\"https:\/\/latribuexploradora.valnaloneduca.com\/santaeulalia\/wp-content\/uploads\/sites\/14\/2018\/11\/8-g-150x150.jpg\" class=\"attachment-thumbnail size-thumbnail\" alt=\"\" \/><\/a>\n\t\t\t<\/div><\/figure><figure class='gallery-item'>\n\t\t\t<div class='gallery-icon landscape'>\n\t\t\t\t<a href='https:\/\/latribuexploradora.valnaloneduca.com\/santaeulalia\/2018\/11\/11\/taller-con-valnalon\/8-h\/'><img loading=\"lazy\" decoding=\"async\" width=\"150\" height=\"150\" src=\"https:\/\/latribuexploradora.valnaloneduca.com\/santaeulalia\/wp-content\/uploads\/sites\/14\/2018\/11\/8-h-150x150.jpg\" class=\"attachment-thumbnail size-thumbnail\" alt=\"\" \/><\/a>\n\t\t\t<\/div><\/figure><figure class='gallery-item'>\n\t\t\t<div class='gallery-icon landscape'>\n\t\t\t\t<a href='https:\/\/latribuexploradora.valnaloneduca.com\/santaeulalia\/2018\/11\/11\/taller-con-valnalon\/8-h-2\/'><img loading=\"lazy\" decoding=\"async\" width=\"150\" height=\"150\" src=\"https:\/\/latribuexploradora.valnaloneduca.com\/santaeulalia\/wp-content\/uploads\/sites\/14\/2018\/11\/8-h-1-150x150.jpg\" class=\"attachment-thumbnail size-thumbnail\" alt=\"\" \/><\/a>\n\t\t\t<\/div><\/figure><figure class='gallery-item'>\n\t\t\t<div class='gallery-icon landscape'>\n\t\t\t\t<a href='https:\/\/latribuexploradora.valnaloneduca.com\/santaeulalia\/2018\/11\/11\/taller-con-valnalon\/8-i\/'><img loading=\"lazy\" decoding=\"async\" width=\"150\" height=\"150\" src=\"https:\/\/latribuexploradora.valnaloneduca.com\/santaeulalia\/wp-content\/uploads\/sites\/14\/2018\/11\/8-i-150x150.jpg\" class=\"attachment-thumbnail size-thumbnail\" alt=\"\" \/><\/a>\n\t\t\t<\/div><\/figure>\n\t\t<\/div>\n\n","protected":false},"excerpt":{"rendered":"<p>Lleg\u00f3 el gran d\u00eda, nuestra primera exploraci\u00f3n. Todos nos hemos puesto nuestros amuletos y hemos cogido alguna cosa del kit de explorador: prism\u00e1ticos, lupas, bote para insectos, libreta, m\u00f3viles y hasta una cuerda. Ilusionados exploramos el patio de los mayores, subimos las escaleras y llegamos al huerto. En esta primera exploraci\u00f3n nos llam\u00f3 la atenci\u00f3n &hellip; <a href=\"https:\/\/latribuexploradora.valnaloneduca.com\/santaeulalia\/2018\/11\/20\/primera-exploracion-el-patio-de-los-mayores\/\" class=\"more-link\">Continuar leyendo<span class=\"screen-reader-text\"> \u00abPRIMERA EXPLORACI\u00d3N: EL PATIO DE LOS MAYORES\u00bb<\/span><\/a><\/p>\n","protected":false},"author":2,"featured_media":0,"comment_status":"open","ping_status":"open","sticky":false,"template":"","format":"standard","meta":{"footnotes":""},"categories":[1],"tags":[],"class_list":["post-133","post","type-post","status-publish","format-standard","hentry","category-sin-categoria"],"_links":{"self":[{"href":"https:\/\/latribuexploradora.valnaloneduca.com\/santaeulalia\/wp-json\/wp\/v2\/posts\/133"}],"collection":[{"href":"https:\/\/latribuexploradora.valnaloneduca.com\/santaeulalia\/wp-json\/wp\/v2\/posts"}],"about":[{"href":"https:\/\/latribuexploradora.valnaloneduca.com\/santaeulalia\/wp-json\/wp\/v2\/types\/post"}],"author":[{"embeddable":true,"href":"https:\/\/latribuexploradora.valnaloneduca.com\/santaeulalia\/wp-json\/wp\/v2\/users\/2"}],"replies":[{"embeddable":true,"href":"https:\/\/latribuexploradora.valnaloneduca.com\/santaeulalia\/wp-json\/wp\/v2\/comments?post=133"}],"version-history":[{"count":0,"href":"https:\/\/latribuexploradora.valnaloneduca.com\/santaeulalia\/wp-json\/wp\/v2\/posts\/133\/revisions"}],"wp:attachment":[{"href":"https:\/\/latribuexploradora.valnaloneduca.com\/santaeulalia\/wp-json\/wp\/v2\/media?parent=133"}],"wp:term":[{"taxonomy":"category","embeddable":true,"href":"https:\/\/latribuexploradora.valnaloneduca.com\/santaeulalia\/wp-json\/wp\/v2\/categories?post=133"},{"taxonomy":"post_tag","embeddable":true,"href":"https:\/\/latribuexploradora.valnaloneduca.com\/santaeulalia\/wp-json\/wp\/v2\/tags?post=133"}],"curies":[{"name":"wp","href":"https:\/\/api.w.org\/{rel}","templated":true}]}}