{"id":183,"date":"2018-06-05T11:27:44","date_gmt":"2018-06-05T11:27:44","guid":{"rendered":"https:\/\/sanignaciotribusexploradoras.wordpress.com\/?p=183"},"modified":"2020-07-24T07:30:00","modified_gmt":"2020-07-24T07:30:00","slug":"generando-los-proyectos","status":"publish","type":"post","link":"https:\/\/latribuexploradora.valnaloneduca.com\/sanignacio\/2018\/06\/05\/generando-los-proyectos\/","title":{"rendered":"Generando los proyectos"},"content":{"rendered":"<p style=\"text-align: justify;\">A lo largo del martes 5 de junio <strong>La Tribu Diamante, La Tribu Veloz y La Tribu Estrella<\/strong> han trabajado en\u00e9rgicamente en la generaci\u00f3n de sus proyectos. Para ello contaron con la visita de Raquel, su tutora de Valnal\u00f3n que conoci\u00f3 con detalle sus exploraciones. Las 3 tribus del Colegio San Ignacio exploraron estos meses la biblioteca del cole, el almac\u00e9n, las aulas de bachillerato, sus propias clases a oscuras, el comedor de primaria, las aulas de bachillerato internacional, el laboratorio, el camino Ignaciano y el Masymas. Un gran trabajo. Los que hicieron despu\u00e9s estos grandes emprendedores fue reflexionar sobre lo que m\u00e1s les gust\u00f3, lo que menos, los recuerdos que tuvieron en sus exploraciones, lo que contaron a sus familias y lo que aprendieron. Un gran valoraci\u00f3n, fruto de la cual se generaron <strong>3 GRANDES PROYECTOS<\/strong>:<\/p>\n<p><img loading=\"lazy\" decoding=\"async\" class=\"size-medium wp-image-186 aligncenter\" src=\"http:\/\/latribuexploradora.valnaloneduca.com\/sanignacio\/wp-content\/uploads\/sites\/17\/2018\/06\/img_20180605_103832-300x225.jpg\" alt=\"\" width=\"300\" height=\"225\" srcset=\"https:\/\/latribuexploradora.valnaloneduca.com\/sanignacio\/wp-content\/uploads\/sites\/17\/2018\/06\/img_20180605_103832-300x225.jpg 300w, https:\/\/latribuexploradora.valnaloneduca.com\/sanignacio\/wp-content\/uploads\/sites\/17\/2018\/06\/img_20180605_103832-1024x768.jpg 1024w, https:\/\/latribuexploradora.valnaloneduca.com\/sanignacio\/wp-content\/uploads\/sites\/17\/2018\/06\/img_20180605_103832-768x576.jpg 768w, https:\/\/latribuexploradora.valnaloneduca.com\/sanignacio\/wp-content\/uploads\/sites\/17\/2018\/06\/img_20180605_103832-1536x1152.jpg 1536w, https:\/\/latribuexploradora.valnaloneduca.com\/sanignacio\/wp-content\/uploads\/sites\/17\/2018\/06\/img_20180605_103832-2048x1536.jpg 2048w, https:\/\/latribuexploradora.valnaloneduca.com\/sanignacio\/wp-content\/uploads\/sites\/17\/2018\/06\/img_20180605_103832-1200x900.jpg 1200w, https:\/\/latribuexploradora.valnaloneduca.com\/sanignacio\/wp-content\/uploads\/sites\/17\/2018\/06\/img_20180605_103832-1980x1485.jpg 1980w\" sizes=\"(max-width: 300px) 85vw, 300px\" \/> <img loading=\"lazy\" decoding=\"async\" class=\"size-medium wp-image-189 aligncenter\" src=\"http:\/\/latribuexploradora.valnaloneduca.com\/sanignacio\/wp-content\/uploads\/sites\/17\/2018\/06\/img_20180605_103915-300x225.jpg\" alt=\"\" width=\"300\" height=\"225\" srcset=\"https:\/\/latribuexploradora.valnaloneduca.com\/sanignacio\/wp-content\/uploads\/sites\/17\/2018\/06\/img_20180605_103915-300x225.jpg 300w, https:\/\/latribuexploradora.valnaloneduca.com\/sanignacio\/wp-content\/uploads\/sites\/17\/2018\/06\/img_20180605_103915-1024x768.jpg 1024w, https:\/\/latribuexploradora.valnaloneduca.com\/sanignacio\/wp-content\/uploads\/sites\/17\/2018\/06\/img_20180605_103915-768x576.jpg 768w, https:\/\/latribuexploradora.valnaloneduca.com\/sanignacio\/wp-content\/uploads\/sites\/17\/2018\/06\/img_20180605_103915-1536x1152.jpg 1536w, https:\/\/latribuexploradora.valnaloneduca.com\/sanignacio\/wp-content\/uploads\/sites\/17\/2018\/06\/img_20180605_103915-2048x1536.jpg 2048w, https:\/\/latribuexploradora.valnaloneduca.com\/sanignacio\/wp-content\/uploads\/sites\/17\/2018\/06\/img_20180605_103915-1200x900.jpg 1200w, https:\/\/latribuexploradora.valnaloneduca.com\/sanignacio\/wp-content\/uploads\/sites\/17\/2018\/06\/img_20180605_103915-1980x1485.jpg 1980w\" sizes=\"(max-width: 300px) 85vw, 300px\" \/><\/p>\n<ol style=\"text-align: justify;\">\n<li style=\"list-style-type: none;\">\n<ol>\n<li>El reto de hacerse socio\/a de una biblioteca y hacer uso del mismo.<\/li>\n<li>Decorar las taquillas del alumnado de bachillerato.<\/li>\n<li>Decorar el rinc\u00f3n oscuro del comedor.<\/li>\n<\/ol>\n<\/li>\n<\/ol>\n<p><img loading=\"lazy\" decoding=\"async\" class=\"size-medium wp-image-185 aligncenter\" src=\"http:\/\/latribuexploradora.valnaloneduca.com\/sanignacio\/wp-content\/uploads\/sites\/17\/2018\/06\/2018-06-05_2-300x116.jpg\" alt=\"\" width=\"300\" height=\"116\" srcset=\"https:\/\/latribuexploradora.valnaloneduca.com\/sanignacio\/wp-content\/uploads\/sites\/17\/2018\/06\/2018-06-05_2-300x116.jpg 300w, https:\/\/latribuexploradora.valnaloneduca.com\/sanignacio\/wp-content\/uploads\/sites\/17\/2018\/06\/2018-06-05_2-1024x396.jpg 1024w, https:\/\/latribuexploradora.valnaloneduca.com\/sanignacio\/wp-content\/uploads\/sites\/17\/2018\/06\/2018-06-05_2-768x297.jpg 768w, https:\/\/latribuexploradora.valnaloneduca.com\/sanignacio\/wp-content\/uploads\/sites\/17\/2018\/06\/2018-06-05_2-1536x595.jpg 1536w, https:\/\/latribuexploradora.valnaloneduca.com\/sanignacio\/wp-content\/uploads\/sites\/17\/2018\/06\/2018-06-05_2-2048x793.jpg 2048w, https:\/\/latribuexploradora.valnaloneduca.com\/sanignacio\/wp-content\/uploads\/sites\/17\/2018\/06\/2018-06-05_2-1200x465.jpg 1200w, https:\/\/latribuexploradora.valnaloneduca.com\/sanignacio\/wp-content\/uploads\/sites\/17\/2018\/06\/2018-06-05_2-1980x767.jpg 1980w\" sizes=\"(max-width: 300px) 85vw, 300px\" \/><\/p>\n<p style=\"text-align: justify;\">Un gran trabajo el que tienen por delante estas maravillosas tribus. Esperamos sus noticias. Felicidades!!!!!!!!!!!!!!!<\/p>\n","protected":false},"excerpt":{"rendered":"<p>A lo largo del martes 5 de junio La Tribu Diamante, La Tribu Veloz y La Tribu Estrella han trabajado en\u00e9rgicamente en la generaci\u00f3n de sus proyectos. Para ello contaron con la visita de Raquel, su tutora de Valnal\u00f3n que conoci\u00f3 con detalle sus exploraciones. Las 3 tribus del Colegio San Ignacio exploraron estos meses &hellip; <a href=\"https:\/\/latribuexploradora.valnaloneduca.com\/sanignacio\/2018\/06\/05\/generando-los-proyectos\/\" class=\"more-link\">Continuar leyendo<span class=\"screen-reader-text\"> \u00abGenerando los proyectos\u00bb<\/span><\/a><\/p>\n","protected":false},"author":2,"featured_media":0,"comment_status":"open","ping_status":"open","sticky":false,"template":"","format":"standard","meta":{"footnotes":""},"categories":[3],"tags":[],"class_list":["post-183","post","type-post","status-publish","format-standard","hentry","category-la-tribu-estrella"],"_links":{"self":[{"href":"https:\/\/latribuexploradora.valnaloneduca.com\/sanignacio\/wp-json\/wp\/v2\/posts\/183"}],"collection":[{"href":"https:\/\/latribuexploradora.valnaloneduca.com\/sanignacio\/wp-json\/wp\/v2\/posts"}],"about":[{"href":"https:\/\/latribuexploradora.valnaloneduca.com\/sanignacio\/wp-json\/wp\/v2\/types\/post"}],"author":[{"embeddable":true,"href":"https:\/\/latribuexploradora.valnaloneduca.com\/sanignacio\/wp-json\/wp\/v2\/users\/2"}],"replies":[{"embeddable":true,"href":"https:\/\/latribuexploradora.valnaloneduca.com\/sanignacio\/wp-json\/wp\/v2\/comments?post=183"}],"version-history":[{"count":4,"href":"https:\/\/latribuexploradora.valnaloneduca.com\/sanignacio\/wp-json\/wp\/v2\/posts\/183\/revisions"}],"predecessor-version":[{"id":230,"href":"https:\/\/latribuexploradora.valnaloneduca.com\/sanignacio\/wp-json\/wp\/v2\/posts\/183\/revisions\/230"}],"wp:attachment":[{"href":"https:\/\/latribuexploradora.valnaloneduca.com\/sanignacio\/wp-json\/wp\/v2\/media?parent=183"}],"wp:term":[{"taxonomy":"category","embeddable":true,"href":"https:\/\/latribuexploradora.valnaloneduca.com\/sanignacio\/wp-json\/wp\/v2\/categories?post=183"},{"taxonomy":"post_tag","embeddable":true,"href":"https:\/\/latribuexploradora.valnaloneduca.com\/sanignacio\/wp-json\/wp\/v2\/tags?post=183"}],"curies":[{"name":"wp","href":"https:\/\/api.w.org\/{rel}","templated":true}]}}