{"id":137,"date":"2018-02-23T22:01:24","date_gmt":"2018-02-23T22:01:24","guid":{"rendered":"https:\/\/sanignaciotribusexploradoras.wordpress.com\/2018\/02\/23\/2a-expedicion-de-las-tribus-exploradoras-1a-parte\/"},"modified":"2018-02-23T22:01:24","modified_gmt":"2018-02-23T22:01:24","slug":"2a-expedicion-de-las-tribus-exploradoras-1a-parte","status":"publish","type":"post","link":"https:\/\/latribuexploradora.valnaloneduca.com\/sanignacio\/2018\/02\/23\/2a-expedicion-de-las-tribus-exploradoras-1a-parte\/","title":{"rendered":"2\u00aa Expedici\u00f3n de las Tribus Exploradoras (1\u00aa parte)"},"content":{"rendered":"<p>Pues ya tenemos todo listo para ir a nuestra 2\u00aa expedici\u00f3n.Con las mochilas preparadas con todo lo necesario y revisadas por dos miembros de cada tribu decidimos poner rumbo a&#8230;<\/p>\n<p>[wpvideo Cjt9aJPI ]<\/p>\n<p><img loading=\"lazy\" decoding=\"async\" src=\"http:\/\/latribuexploradora.valnaloneduca.com\/sanignacio\/wp-content\/uploads\/sites\/17\/2018\/02\/img_8173.jpg\" class=\"wp-image-129 size-full\" height=\"2448\" width=\"3264\"><img loading=\"lazy\" decoding=\"async\" src=\"http:\/\/latribuexploradora.valnaloneduca.com\/sanignacio\/wp-content\/uploads\/sites\/17\/2018\/02\/img_8172.jpg\" class=\"wp-image-130 size-full\" height=\"2448\" width=\"3264\"><img loading=\"lazy\" decoding=\"async\" src=\"http:\/\/latribuexploradora.valnaloneduca.com\/sanignacio\/wp-content\/uploads\/sites\/17\/2018\/02\/img_8174.jpg\" class=\"size-full wp-image-131\" height=\"2448\" width=\"3264\"><img loading=\"lazy\" decoding=\"async\" src=\"http:\/\/latribuexploradora.valnaloneduca.com\/sanignacio\/wp-content\/uploads\/sites\/17\/2018\/02\/img_8176.jpg\" class=\"wp-image-132 size-full\" height=\"2448\" width=\"3264\"><\/p>\n<p>\u00abEL COMEDOR DE LOS MAYORES\u00bb lugar que nos llama mucho la atenci\u00f3n pues ser\u00e1 donde tendremos que comer el a\u00f1o que viene cuando dejemos Infantil.<img loading=\"lazy\" decoding=\"async\" src=\"http:\/\/latribuexploradora.valnaloneduca.com\/sanignacio\/wp-content\/uploads\/sites\/17\/2018\/02\/img_8178.jpg\" class=\"wp-image-133 size-full\" height=\"2448\" width=\"3264\"><img loading=\"lazy\" decoding=\"async\" src=\"http:\/\/latribuexploradora.valnaloneduca.com\/sanignacio\/wp-content\/uploads\/sites\/17\/2018\/02\/img_8177.jpg\" class=\"size-full wp-image-134\" height=\"2448\" width=\"3264\"><\/p>\n<p>All\u00ed,en la puerta,dejamos nuestras se\u00f1as de identidad y realizamos nuestro grito t\u00edpico como presentaci\u00f3n.<img loading=\"lazy\" decoding=\"async\" src=\"http:\/\/latribuexploradora.valnaloneduca.com\/sanignacio\/wp-content\/uploads\/sites\/17\/2018\/02\/img_8181.jpg\" class=\"size-full wp-image-135\" height=\"2448\" width=\"3264\">[wpvideo WbZMcMgg ]<\/p>\n","protected":false},"excerpt":{"rendered":"<p>Pues ya tenemos todo listo para ir a nuestra 2\u00aa expedici\u00f3n.Con las mochilas preparadas con todo lo necesario y revisadas por dos miembros de cada tribu decidimos poner rumbo a&#8230; [wpvideo Cjt9aJPI ] \u00abEL COMEDOR DE LOS MAYORES\u00bb lugar que nos llama mucho la atenci\u00f3n pues ser\u00e1 donde tendremos que comer el a\u00f1o que viene &hellip; <a href=\"https:\/\/latribuexploradora.valnaloneduca.com\/sanignacio\/2018\/02\/23\/2a-expedicion-de-las-tribus-exploradoras-1a-parte\/\" class=\"more-link\">Continuar leyendo<span class=\"screen-reader-text\"> \u00ab2\u00aa Expedici\u00f3n de las Tribus Exploradoras (1\u00aa parte)\u00bb<\/span><\/a><\/p>\n","protected":false},"author":2,"featured_media":0,"comment_status":"open","ping_status":"open","sticky":false,"template":"","format":"standard","meta":{"footnotes":""},"categories":[3],"tags":[],"class_list":["post-137","post","type-post","status-publish","format-standard","hentry","category-la-tribu-estrella"],"_links":{"self":[{"href":"https:\/\/latribuexploradora.valnaloneduca.com\/sanignacio\/wp-json\/wp\/v2\/posts\/137"}],"collection":[{"href":"https:\/\/latribuexploradora.valnaloneduca.com\/sanignacio\/wp-json\/wp\/v2\/posts"}],"about":[{"href":"https:\/\/latribuexploradora.valnaloneduca.com\/sanignacio\/wp-json\/wp\/v2\/types\/post"}],"author":[{"embeddable":true,"href":"https:\/\/latribuexploradora.valnaloneduca.com\/sanignacio\/wp-json\/wp\/v2\/users\/2"}],"replies":[{"embeddable":true,"href":"https:\/\/latribuexploradora.valnaloneduca.com\/sanignacio\/wp-json\/wp\/v2\/comments?post=137"}],"version-history":[{"count":0,"href":"https:\/\/latribuexploradora.valnaloneduca.com\/sanignacio\/wp-json\/wp\/v2\/posts\/137\/revisions"}],"wp:attachment":[{"href":"https:\/\/latribuexploradora.valnaloneduca.com\/sanignacio\/wp-json\/wp\/v2\/media?parent=137"}],"wp:term":[{"taxonomy":"category","embeddable":true,"href":"https:\/\/latribuexploradora.valnaloneduca.com\/sanignacio\/wp-json\/wp\/v2\/categories?post=137"},{"taxonomy":"post_tag","embeddable":true,"href":"https:\/\/latribuexploradora.valnaloneduca.com\/sanignacio\/wp-json\/wp\/v2\/tags?post=137"}],"curies":[{"name":"wp","href":"https:\/\/api.w.org\/{rel}","templated":true}]}}