{"id":26,"date":"2021-09-20T08:32:05","date_gmt":"2021-09-20T08:32:05","guid":{"rendered":"https:\/\/latribuexploradora.valnaloneduca.com\/reginomenendezantuna21-22\/?p=26"},"modified":"2021-10-28T10:21:57","modified_gmt":"2021-10-28T10:21:57","slug":"arrancamos-la-tribu-exploradora-en-ed-infantil","status":"publish","type":"post","link":"https:\/\/latribuexploradora.valnaloneduca.com\/reginomenendezantuna21-22\/2021\/09\/20\/arrancamos-la-tribu-exploradora-en-ed-infantil\/","title":{"rendered":"Arrancamos La tribu exploradora en Ed. Infantil"},"content":{"rendered":"<p>Los alumnos y alumnas de Educaci\u00f3n Infantil del colegio, iniciamos un nuevo proyecto que se llama <a href=\"https:\/\/latribuexploradora.valnaloneduca.com\/\" target=\"_blank\" rel=\"noopener\"><strong>LA TRIBU EXPLORADORA<\/strong><\/a> y que coordina <a href=\"http:\/\/www.valnalon.com\" target=\"_blank\" rel=\"noopener\">Valnal\u00f3n<\/a>. En \u00e9l vamos a crear una tribu muy particular para explorar el papel de la mujer y trabajar por la igualdad entre ni\u00f1os y ni\u00f1as. Os iremos contando nuestros descubrimientos.<\/p>\n<p><img loading=\"lazy\" decoding=\"async\" class=\" wp-image-29 aligncenter\" src=\"http:\/\/latribuexploradora.valnaloneduca.com\/reginomenendezantuna21-22\/wp-content\/uploads\/sites\/28\/2021\/09\/indice.jpg\" alt=\"\" width=\"292\" height=\"196\" \/><\/p>\n<p>Arranca La tribu exploradora del CP Regino Men\u00e9ndez Antu\u00f1a!!!!!!!!!!!!!<\/p>\n","protected":false},"excerpt":{"rendered":"<p>Los alumnos y alumnas de Educaci\u00f3n Infantil del colegio, iniciamos un nuevo proyecto que se llama LA TRIBU EXPLORADORA y que coordina Valnal\u00f3n. En \u00e9l vamos a crear una tribu muy particular para explorar el papel de la mujer y trabajar por la igualdad entre ni\u00f1os y ni\u00f1as. Os iremos contando nuestros descubrimientos. Arranca La &hellip; <a href=\"https:\/\/latribuexploradora.valnaloneduca.com\/reginomenendezantuna21-22\/2021\/09\/20\/arrancamos-la-tribu-exploradora-en-ed-infantil\/\" class=\"more-link\">Continuar leyendo<span class=\"screen-reader-text\"> \u00abArrancamos La tribu exploradora en Ed. Infantil\u00bb<\/span><\/a><\/p>\n","protected":false},"author":4,"featured_media":0,"comment_status":"open","ping_status":"open","sticky":false,"template":"","format":"standard","meta":{"footnotes":""},"categories":[1],"tags":[8,7,10,9,5,6],"class_list":["post-26","post","type-post","status-publish","format-standard","hentry","category-sin-categoria","tag-ana","tag-educacion-emprendedora","tag-educacion-infantil","tag-la-tribu-exploradora","tag-valnalon","tag-valnaloneduca"],"_links":{"self":[{"href":"https:\/\/latribuexploradora.valnaloneduca.com\/reginomenendezantuna21-22\/wp-json\/wp\/v2\/posts\/26"}],"collection":[{"href":"https:\/\/latribuexploradora.valnaloneduca.com\/reginomenendezantuna21-22\/wp-json\/wp\/v2\/posts"}],"about":[{"href":"https:\/\/latribuexploradora.valnaloneduca.com\/reginomenendezantuna21-22\/wp-json\/wp\/v2\/types\/post"}],"author":[{"embeddable":true,"href":"https:\/\/latribuexploradora.valnaloneduca.com\/reginomenendezantuna21-22\/wp-json\/wp\/v2\/users\/4"}],"replies":[{"embeddable":true,"href":"https:\/\/latribuexploradora.valnaloneduca.com\/reginomenendezantuna21-22\/wp-json\/wp\/v2\/comments?post=26"}],"version-history":[{"count":5,"href":"https:\/\/latribuexploradora.valnaloneduca.com\/reginomenendezantuna21-22\/wp-json\/wp\/v2\/posts\/26\/revisions"}],"predecessor-version":[{"id":34,"href":"https:\/\/latribuexploradora.valnaloneduca.com\/reginomenendezantuna21-22\/wp-json\/wp\/v2\/posts\/26\/revisions\/34"}],"wp:attachment":[{"href":"https:\/\/latribuexploradora.valnaloneduca.com\/reginomenendezantuna21-22\/wp-json\/wp\/v2\/media?parent=26"}],"wp:term":[{"taxonomy":"category","embeddable":true,"href":"https:\/\/latribuexploradora.valnaloneduca.com\/reginomenendezantuna21-22\/wp-json\/wp\/v2\/categories?post=26"},{"taxonomy":"post_tag","embeddable":true,"href":"https:\/\/latribuexploradora.valnaloneduca.com\/reginomenendezantuna21-22\/wp-json\/wp\/v2\/tags?post=26"}],"curies":[{"name":"wp","href":"https:\/\/api.w.org\/{rel}","templated":true}]}}