{"id":8,"date":"2020-01-30T09:29:56","date_gmt":"2020-01-30T09:29:56","guid":{"rendered":"https:\/\/marcelogagotribusexploradoras2020school.wordpress.com\/?p=8"},"modified":"2020-01-30T09:29:56","modified_gmt":"2020-01-30T09:29:56","slug":"example-post","status":"publish","type":"post","link":"https:\/\/latribuexploradora.valnaloneduca.com\/marcelogago\/2020\/01\/30\/example-post\/","title":{"rendered":"Empiezan las Tribus del C.P. Marcelo Gago de Avil\u00e9s."},"content":{"rendered":"\n<p>Este curso escolar el&nbsp;CP Marcelo Gago de Avil\u00e9s, participar\u00e1 en el Proyecto educativo La Tribu Exploradora de Valnal\u00f3n. Las dos Tribus,  de 4 y 5 a\u00f1os de Infantil, nos ir\u00e1n contando sus aventuras y exploraciones.<\/p>\n\n\n\n<div class=\"wp-block-image\"><figure class=\"aligncenter size-large is-resized\"><img loading=\"lazy\" decoding=\"async\" src=\"http:\/\/latribuexploradora.valnaloneduca.com\/marcelogago\/wp-content\/uploads\/sites\/7\/2020\/02\/img_20200219_110940.jpg?w=1024\" alt=\"\" class=\"wp-image-41\" width=\"417\" height=\"312\" \/><\/figure><\/div>\n","protected":false},"excerpt":{"rendered":"<p>Este curso escolar el&nbsp;CP Marcelo Gago de Avil\u00e9s, participar\u00e1 en el Proyecto educativo La Tribu Exploradora de Valnal\u00f3n. Las dos Tribus, de 4 y 5 a\u00f1os de Infantil, nos ir\u00e1n contando sus aventuras y exploraciones.<\/p>\n","protected":false},"author":2,"featured_media":0,"comment_status":"open","ping_status":"open","sticky":true,"template":"","format":"standard","meta":{"footnotes":""},"categories":[1],"tags":[],"class_list":["post-8","post","type-post","status-publish","format-standard","hentry","category-sin-categoria"],"_links":{"self":[{"href":"https:\/\/latribuexploradora.valnaloneduca.com\/marcelogago\/wp-json\/wp\/v2\/posts\/8"}],"collection":[{"href":"https:\/\/latribuexploradora.valnaloneduca.com\/marcelogago\/wp-json\/wp\/v2\/posts"}],"about":[{"href":"https:\/\/latribuexploradora.valnaloneduca.com\/marcelogago\/wp-json\/wp\/v2\/types\/post"}],"author":[{"embeddable":true,"href":"https:\/\/latribuexploradora.valnaloneduca.com\/marcelogago\/wp-json\/wp\/v2\/users\/2"}],"replies":[{"embeddable":true,"href":"https:\/\/latribuexploradora.valnaloneduca.com\/marcelogago\/wp-json\/wp\/v2\/comments?post=8"}],"version-history":[{"count":0,"href":"https:\/\/latribuexploradora.valnaloneduca.com\/marcelogago\/wp-json\/wp\/v2\/posts\/8\/revisions"}],"wp:attachment":[{"href":"https:\/\/latribuexploradora.valnaloneduca.com\/marcelogago\/wp-json\/wp\/v2\/media?parent=8"}],"wp:term":[{"taxonomy":"category","embeddable":true,"href":"https:\/\/latribuexploradora.valnaloneduca.com\/marcelogago\/wp-json\/wp\/v2\/categories?post=8"},{"taxonomy":"post_tag","embeddable":true,"href":"https:\/\/latribuexploradora.valnaloneduca.com\/marcelogago\/wp-json\/wp\/v2\/tags?post=8"}],"curies":[{"name":"wp","href":"https:\/\/api.w.org\/{rel}","templated":true}]}}