{"id":80,"date":"2020-06-01T22:48:38","date_gmt":"2020-06-01T22:48:38","guid":{"rendered":"https:\/\/luisademarillactribusexploradoras2020.wordpress.com\/?p=80"},"modified":"2020-07-23T11:00:59","modified_gmt":"2020-07-23T11:00:59","slug":"nos-constituimos-como-tribu","status":"publish","type":"post","link":"https:\/\/latribuexploradora.valnaloneduca.com\/luisademarillac2020\/2020\/06\/01\/nos-constituimos-como-tribu\/","title":{"rendered":"NOS CONSTITUIMOS COMO TRIBU"},"content":{"rendered":"\n<div class=\"wp-block-image\"><figure class=\"aligncenter size-large is-resized\"><img loading=\"lazy\" decoding=\"async\" src=\"http:\/\/latribuexploradora.valnaloneduca.com\/luisademarillac2020\/wp-content\/uploads\/sites\/6\/2020\/06\/img_20200116_122432.jpg?w=768\" alt=\"\" class=\"wp-image-82\" width=\"223\" height=\"297\"\/><\/figure><\/div>\n\n\n\n<p>Una vez decidido el nombre estuvimos investigando diversas tribus del mundo, tambi\u00e9n disfrutamos con la lectura de cuentos relacionados con alguna de ellas y por fin nos pusimos a pensar cu\u00e1l pod\u00eda ser nuestra huella. La que ir\u00edamos dejando a medida que explor\u00e1ramos. Y qu\u00e9 mejor que un mandala-coraz\u00f3n.<\/p>\n\n\n\n<figure class=\"wp-block-gallery columns-3 is-cropped wp-block-gallery-1 is-layout-flex wp-block-gallery-is-layout-flex\"><ul class=\"blocks-gallery-grid\"><li class=\"blocks-gallery-item\"><figure><img decoding=\"async\" src=\"http:\/\/latribuexploradora.valnaloneduca.com\/luisademarillac2020\/wp-content\/uploads\/sites\/6\/2020\/06\/img_20200116_183011.jpg?w=1024\" data-id=\"83\" class=\"wp-image-83\"\/><\/figure><\/li><li class=\"blocks-gallery-item\"><figure><img decoding=\"async\" src=\"http:\/\/latribuexploradora.valnaloneduca.com\/luisademarillac2020\/wp-content\/uploads\/sites\/6\/2020\/06\/img_20200116_122210.jpg?w=1024\" data-id=\"84\" class=\"wp-image-84\"\/><\/figure><\/li><li class=\"blocks-gallery-item\"><figure><img decoding=\"async\" src=\"http:\/\/latribuexploradora.valnaloneduca.com\/luisademarillac2020\/wp-content\/uploads\/sites\/6\/2020\/06\/img_20200116_122031.jpg?w=1024\" data-id=\"85\" class=\"wp-image-85\"\/><\/figure><\/li><li class=\"blocks-gallery-item\"><figure><img decoding=\"async\" src=\"http:\/\/latribuexploradora.valnaloneduca.com\/luisademarillac2020\/wp-content\/uploads\/sites\/6\/2020\/06\/img_20200116_122127.jpg?w=1024\" data-id=\"86\" class=\"wp-image-86\"\/><\/figure><\/li><li class=\"blocks-gallery-item\"><figure><img decoding=\"async\" src=\"http:\/\/latribuexploradora.valnaloneduca.com\/luisademarillac2020\/wp-content\/uploads\/sites\/6\/2020\/06\/img_20200116_121946.jpg?w=1024\" data-id=\"87\" class=\"wp-image-87\"\/><\/figure><\/li><\/ul><\/figure>\n","protected":false},"excerpt":{"rendered":"<p>Una vez decidido el nombre estuvimos investigando diversas tribus del mundo, tambi\u00e9n disfrutamos con la lectura de cuentos relacionados con alguna de ellas y por fin nos pusimos a pensar cu\u00e1l pod\u00eda ser nuestra huella. La que ir\u00edamos dejando a medida que explor\u00e1ramos. Y qu\u00e9 mejor que un mandala-coraz\u00f3n.<\/p>\n","protected":false},"author":2,"featured_media":0,"comment_status":"open","ping_status":"open","sticky":false,"template":"","format":"standard","meta":{"footnotes":""},"categories":[1],"tags":[],"class_list":["post-80","post","type-post","status-publish","format-standard","hentry","category-sin-categoria"],"_links":{"self":[{"href":"https:\/\/latribuexploradora.valnaloneduca.com\/luisademarillac2020\/wp-json\/wp\/v2\/posts\/80"}],"collection":[{"href":"https:\/\/latribuexploradora.valnaloneduca.com\/luisademarillac2020\/wp-json\/wp\/v2\/posts"}],"about":[{"href":"https:\/\/latribuexploradora.valnaloneduca.com\/luisademarillac2020\/wp-json\/wp\/v2\/types\/post"}],"author":[{"embeddable":true,"href":"https:\/\/latribuexploradora.valnaloneduca.com\/luisademarillac2020\/wp-json\/wp\/v2\/users\/2"}],"replies":[{"embeddable":true,"href":"https:\/\/latribuexploradora.valnaloneduca.com\/luisademarillac2020\/wp-json\/wp\/v2\/comments?post=80"}],"version-history":[{"count":1,"href":"https:\/\/latribuexploradora.valnaloneduca.com\/luisademarillac2020\/wp-json\/wp\/v2\/posts\/80\/revisions"}],"predecessor-version":[{"id":226,"href":"https:\/\/latribuexploradora.valnaloneduca.com\/luisademarillac2020\/wp-json\/wp\/v2\/posts\/80\/revisions\/226"}],"wp:attachment":[{"href":"https:\/\/latribuexploradora.valnaloneduca.com\/luisademarillac2020\/wp-json\/wp\/v2\/media?parent=80"}],"wp:term":[{"taxonomy":"category","embeddable":true,"href":"https:\/\/latribuexploradora.valnaloneduca.com\/luisademarillac2020\/wp-json\/wp\/v2\/categories?post=80"},{"taxonomy":"post_tag","embeddable":true,"href":"https:\/\/latribuexploradora.valnaloneduca.com\/luisademarillac2020\/wp-json\/wp\/v2\/tags?post=80"}],"curies":[{"name":"wp","href":"https:\/\/api.w.org\/{rel}","templated":true}]}}