{"id":31,"date":"2020-01-13T09:28:49","date_gmt":"2020-01-13T09:28:49","guid":{"rendered":"http:\/\/cracastrillonillastribusexploradoras2020.school.blog\/?p=31"},"modified":"2020-01-13T09:28:49","modified_gmt":"2020-01-13T09:28:49","slug":"nuevo-proyecto-para-infantil","status":"publish","type":"post","link":"https:\/\/latribuexploradora.valnaloneduca.com\/cracastrillon\/2020\/01\/13\/nuevo-proyecto-para-infantil\/","title":{"rendered":"NUEVO PROYECTO PARA INFANTIL"},"content":{"rendered":"\n<p>El CRA Castrill\u00f3n- Illas, participar\u00e1 en el proyecto  educativo La Tribu Exploradora de Valnal\u00f3n. Lo har\u00e1 este curso escolar  2019\/20 con el alumnado de 3-4-5 a\u00f1os de Infantil de sus sedes de La Caizuela, Naveces, Piarnu y SaMiguel. A partir de febrero  conoceremos su trabajo. <\/p>\n\n\n\n<figure class=\"wp-block-image size-large\"><img loading=\"lazy\" decoding=\"async\" width=\"638\" height=\"479\" src=\"http:\/\/latribuexploradora.valnaloneduca.com\/cracastrillon\/wp-content\/uploads\/sites\/5\/2020\/01\/cra-2013-14-1-638.jpg?w=638\" alt=\"\" class=\"wp-image-33\" srcset=\"https:\/\/latribuexploradora.valnaloneduca.com\/cracastrillon\/wp-content\/uploads\/sites\/5\/2020\/01\/cra-2013-14-1-638.jpg 638w, https:\/\/latribuexploradora.valnaloneduca.com\/cracastrillon\/wp-content\/uploads\/sites\/5\/2020\/01\/cra-2013-14-1-638-300x225.jpg 300w\" sizes=\"(max-width: 709px) 85vw, (max-width: 909px) 67vw, (max-width: 984px) 61vw, (max-width: 1362px) 45vw, 600px\" \/><\/figure>\n","protected":false},"excerpt":{"rendered":"<p>El CRA Castrill\u00f3n- Illas, participar\u00e1 en el proyecto educativo La Tribu Exploradora de Valnal\u00f3n. Lo har\u00e1 este curso escolar 2019\/20 con el alumnado de 3-4-5 a\u00f1os de Infantil de sus sedes de La Caizuela, Naveces, Piarnu y SaMiguel. A partir de febrero conoceremos su trabajo.<\/p>\n","protected":false},"author":2,"featured_media":0,"comment_status":"open","ping_status":"open","sticky":false,"template":"","format":"standard","meta":{"footnotes":""},"categories":[1],"tags":[],"class_list":["post-31","post","type-post","status-publish","format-standard","hentry","category-sin-categoria"],"_links":{"self":[{"href":"https:\/\/latribuexploradora.valnaloneduca.com\/cracastrillon\/wp-json\/wp\/v2\/posts\/31"}],"collection":[{"href":"https:\/\/latribuexploradora.valnaloneduca.com\/cracastrillon\/wp-json\/wp\/v2\/posts"}],"about":[{"href":"https:\/\/latribuexploradora.valnaloneduca.com\/cracastrillon\/wp-json\/wp\/v2\/types\/post"}],"author":[{"embeddable":true,"href":"https:\/\/latribuexploradora.valnaloneduca.com\/cracastrillon\/wp-json\/wp\/v2\/users\/2"}],"replies":[{"embeddable":true,"href":"https:\/\/latribuexploradora.valnaloneduca.com\/cracastrillon\/wp-json\/wp\/v2\/comments?post=31"}],"version-history":[{"count":0,"href":"https:\/\/latribuexploradora.valnaloneduca.com\/cracastrillon\/wp-json\/wp\/v2\/posts\/31\/revisions"}],"wp:attachment":[{"href":"https:\/\/latribuexploradora.valnaloneduca.com\/cracastrillon\/wp-json\/wp\/v2\/media?parent=31"}],"wp:term":[{"taxonomy":"category","embeddable":true,"href":"https:\/\/latribuexploradora.valnaloneduca.com\/cracastrillon\/wp-json\/wp\/v2\/categories?post=31"},{"taxonomy":"post_tag","embeddable":true,"href":"https:\/\/latribuexploradora.valnaloneduca.com\/cracastrillon\/wp-json\/wp\/v2\/tags?post=31"}],"curies":[{"name":"wp","href":"https:\/\/api.w.org\/{rel}","templated":true}]}}