{"id":46,"date":"2023-05-04T08:24:05","date_gmt":"2023-05-04T08:24:05","guid":{"rendered":"https:\/\/latribuexploradora.valnaloneduca.com\/cpllaranes22-23\/?p=46"},"modified":"2023-05-04T08:24:05","modified_gmt":"2023-05-04T08:24:05","slug":"exploramos-el-super-de-amparin","status":"publish","type":"post","link":"https:\/\/latribuexploradora.valnaloneduca.com\/cpllaranes22-23\/2023\/05\/04\/exploramos-el-super-de-amparin\/","title":{"rendered":"Exploramos el Super de Ampar\u00edn"},"content":{"rendered":"<p>En<em> ArcoIris <\/em>ten\u00edamos mucha curiosidad por explorar nuestro Barrio, as\u00ed que nos hemos animado a hacer nuestra primera salida para conocerlo.<\/p>\n<p>Nuestra primera exploraci\u00f3n fuera del cole fue al Super de Ampar\u00edn, que nos recibi\u00f3 con los brazos abiertos y una gran sonrisa.\u00a0 Nos ense\u00f1\u00f3 la tienda, las cosas que vende, c\u00f3mo trabaja y lo tiene todo organizado y colocado.<\/p>\n<p><img loading=\"lazy\" decoding=\"async\" class=\" wp-image-47 aligncenter\" src=\"http:\/\/latribuexploradora.valnaloneduca.com\/cpllaranes22-23\/wp-content\/uploads\/sites\/35\/2023\/05\/9-300x213.png\" alt=\"\" width=\"426\" height=\"302\" srcset=\"https:\/\/latribuexploradora.valnaloneduca.com\/cpllaranes22-23\/wp-content\/uploads\/sites\/35\/2023\/05\/9-300x213.png 300w, https:\/\/latribuexploradora.valnaloneduca.com\/cpllaranes22-23\/wp-content\/uploads\/sites\/35\/2023\/05\/9-1024x726.png 1024w, https:\/\/latribuexploradora.valnaloneduca.com\/cpllaranes22-23\/wp-content\/uploads\/sites\/35\/2023\/05\/9-768x545.png 768w, https:\/\/latribuexploradora.valnaloneduca.com\/cpllaranes22-23\/wp-content\/uploads\/sites\/35\/2023\/05\/9-1536x1090.png 1536w, https:\/\/latribuexploradora.valnaloneduca.com\/cpllaranes22-23\/wp-content\/uploads\/sites\/35\/2023\/05\/9-1200x851.png 1200w, https:\/\/latribuexploradora.valnaloneduca.com\/cpllaranes22-23\/wp-content\/uploads\/sites\/35\/2023\/05\/9.png 1748w\" sizes=\"(max-width: 426px) 85vw, 426px\" \/><\/p>\n<p>Tuvimos la oportunidad de comprar all\u00ed fruta y leche para hacernos un batido en clase, que estaba delicioso ;P<\/p>\n","protected":false},"excerpt":{"rendered":"<p>En ArcoIris ten\u00edamos mucha curiosidad por explorar nuestro Barrio, as\u00ed que nos hemos animado a hacer nuestra primera salida para conocerlo. Nuestra primera exploraci\u00f3n fuera del cole fue al Super de Ampar\u00edn, que nos recibi\u00f3 con los brazos abiertos y una gran sonrisa.\u00a0 Nos ense\u00f1\u00f3 la tienda, las cosas que vende, c\u00f3mo trabaja y lo &hellip; <a href=\"https:\/\/latribuexploradora.valnaloneduca.com\/cpllaranes22-23\/2023\/05\/04\/exploramos-el-super-de-amparin\/\" class=\"more-link\">Continuar leyendo<span class=\"screen-reader-text\"> \u00abExploramos el Super de Ampar\u00edn\u00bb<\/span><\/a><\/p>\n","protected":false},"author":4,"featured_media":0,"comment_status":"open","ping_status":"open","sticky":false,"template":"","format":"standard","meta":{"footnotes":""},"categories":[1],"tags":[],"class_list":["post-46","post","type-post","status-publish","format-standard","hentry","category-sin-categoria"],"_links":{"self":[{"href":"https:\/\/latribuexploradora.valnaloneduca.com\/cpllaranes22-23\/wp-json\/wp\/v2\/posts\/46"}],"collection":[{"href":"https:\/\/latribuexploradora.valnaloneduca.com\/cpllaranes22-23\/wp-json\/wp\/v2\/posts"}],"about":[{"href":"https:\/\/latribuexploradora.valnaloneduca.com\/cpllaranes22-23\/wp-json\/wp\/v2\/types\/post"}],"author":[{"embeddable":true,"href":"https:\/\/latribuexploradora.valnaloneduca.com\/cpllaranes22-23\/wp-json\/wp\/v2\/users\/4"}],"replies":[{"embeddable":true,"href":"https:\/\/latribuexploradora.valnaloneduca.com\/cpllaranes22-23\/wp-json\/wp\/v2\/comments?post=46"}],"version-history":[{"count":1,"href":"https:\/\/latribuexploradora.valnaloneduca.com\/cpllaranes22-23\/wp-json\/wp\/v2\/posts\/46\/revisions"}],"predecessor-version":[{"id":48,"href":"https:\/\/latribuexploradora.valnaloneduca.com\/cpllaranes22-23\/wp-json\/wp\/v2\/posts\/46\/revisions\/48"}],"wp:attachment":[{"href":"https:\/\/latribuexploradora.valnaloneduca.com\/cpllaranes22-23\/wp-json\/wp\/v2\/media?parent=46"}],"wp:term":[{"taxonomy":"category","embeddable":true,"href":"https:\/\/latribuexploradora.valnaloneduca.com\/cpllaranes22-23\/wp-json\/wp\/v2\/categories?post=46"},{"taxonomy":"post_tag","embeddable":true,"href":"https:\/\/latribuexploradora.valnaloneduca.com\/cpllaranes22-23\/wp-json\/wp\/v2\/tags?post=46"}],"curies":[{"name":"wp","href":"https:\/\/api.w.org\/{rel}","templated":true}]}}